{"id":6279,"date":"2018-03-16T20:58:34","date_gmt":"2018-03-16T20:58:34","guid":{"rendered":"https:\/\/www.ecoconscience.net\/?p=5629"},"modified":"2018-03-16T20:58:34","modified_gmt":"2018-03-16T20:58:34","slug":"la-lct-pour-un-acces-fiable-et-securise-de-linteret-en-faveur-des-consommateurs-2","status":"publish","type":"post","link":"https:\/\/www.ecoconscience.tv\/la-lct-pour-un-acces-fiable-et-securise-de-linteret-en-faveur-des-consommateurs-2\/","title":{"rendered":"La LCT pour un acc\u00e8s fiable et s\u00e9curis\u00e9 de l&#039;int\u00e9r\u00eat en faveur des consommateurs"},"content":{"rendered":"<p>Plusieurs associations de d\u00e9fense des droits des consommateurs ont c\u00e9l\u00e9br\u00e9 \u00e0 l&rsquo;\u00e9chelle internationale ce 15 mars 2018, la journ\u00e9e mondiale des consommateurs. Au Togo, la Ligue des Consommateurs du Togo (LCT) n&rsquo;est pas rest\u00e9e en marge de cette comm\u00e9moration ; elle a organis\u00e9 une conf\u00e9rence publique qui a d\u00e9battu du th\u00e8me \u00ab\u00a0rendre les march\u00e9s digitaux plus justes\u00a0\u00bb choisi pour la journ\u00e9e.<br \/>\nLes diff\u00e9rents panels compos\u00e9s des experts de soci\u00e9t\u00e9s de fournisseurs d&rsquo;acc\u00e8s \u00e0 Internet, des associations soeurs dans la protection des droits des consommateurs, des soci\u00e9t\u00e9s de t\u00e9l\u00e9phonie mobile, des minist\u00e8res et aussi de l&rsquo;Autorit\u00e9 de R\u00e9gulation du secteur des Postes et de t\u00e9l\u00e9communications, ont entre autres discut\u00e9 de l&rsquo;acc\u00e8s \u00e0 des services Internet \u00e9quitables et prot\u00e9g\u00e9s, la protection des consommateurs en ligne, et bien \u00e9videmment de la cybercriminalit\u00e9 devenue monnaie courante de nos jours. Il s&rsquo;agissait donc d&rsquo;appeler \u00e0 plus de protection du consommateur qui utilise l&rsquo;Internet pour divers besoins, lui faire conna\u00eetre le cadre l\u00e9gislatif qui encadre le domaine .<br \/>\nLa LCT a \u00e9galement proc\u00e9d\u00e9 lors de cette activit\u00e9, au lancement officiel de son site web, le www.lesconsommateursdutogo.org pour permettre aux concitoyens de suivre les activit\u00e9s de l&rsquo;association sur le terrain, de pouvoir se documenter en mati\u00e8re de droits des consommateurs et autre, d\u00e9poser directeur les plaintes avec preuve \u00e0 l&rsquo;appui sur la plateforme pour des actions rapides de la ligue.<br \/>\nPlus de d\u00e9tails dans le reportage&#8230;<br \/>\nChris A.<\/p>\n","protected":false},"excerpt":{"rendered":"<p>Plusieurs associations de d\u00e9fense des droits des consommateurs ont c\u00e9l\u00e9br\u00e9 \u00e0 l&rsquo;\u00e9chelle internationale ce 15 mars 2018, la journ\u00e9e mondiale des consommateurs. Au Togo, la Ligue des Consommateurs du Togo (LCT) n&rsquo;est pas rest\u00e9e en marge de cette comm\u00e9moration ; elle a organis\u00e9 une conf\u00e9rence publique qui a d\u00e9battu du th\u00e8me \u00ab\u00a0rendre les march\u00e9s digitaux [&hellip;]<\/p>\n","protected":false},"author":2,"featured_media":5630,"comment_status":"open","ping_status":"open","sticky":false,"template":"","format":"standard","meta":{"ec_post_video":"https:\/\/m.youtube.com\/watch?v=oPChxSxqteU"},"categories":[2],"tags":[],"odd":[605],"_links":{"self":[{"href":"https:\/\/www.ecoconscience.tv\/api\/wp\/v2\/posts\/6279"}],"collection":[{"href":"https:\/\/www.ecoconscience.tv\/api\/wp\/v2\/posts"}],"about":[{"href":"https:\/\/www.ecoconscience.tv\/api\/wp\/v2\/types\/post"}],"author":[{"embeddable":true,"href":"https:\/\/www.ecoconscience.tv\/api\/wp\/v2\/users\/2"}],"replies":[{"embeddable":true,"href":"https:\/\/www.ecoconscience.tv\/api\/wp\/v2\/comments?post=6279"}],"version-history":[{"count":0,"href":"https:\/\/www.ecoconscience.tv\/api\/wp\/v2\/posts\/6279\/revisions"}],"wp:featuredmedia":[{"embeddable":true,"href":"https:\/\/www.ecoconscience.tv\/api\/wp\/v2\/media\/5630"}],"wp:attachment":[{"href":"https:\/\/www.ecoconscience.tv\/api\/wp\/v2\/media?parent=6279"}],"wp:term":[{"taxonomy":"category","embeddable":true,"href":"https:\/\/www.ecoconscience.tv\/api\/wp\/v2\/categories?post=6279"},{"taxonomy":"post_tag","embeddable":true,"href":"https:\/\/www.ecoconscience.tv\/api\/wp\/v2\/tags?post=6279"},{"taxonomy":"odd","embeddable":true,"href":"https:\/\/www.ecoconscience.tv\/api\/wp\/v2\/odd?post=6279"}],"curies":[{"name":"wp","href":"https:\/\/api.w.org\/{rel}","templated":true}]}}