{"id":6255,"date":"2017-11-29T18:42:19","date_gmt":"2017-11-29T18:42:19","guid":{"rendered":"https:\/\/www.ecoconscience.net\/?p=5284"},"modified":"2017-11-29T18:42:19","modified_gmt":"2017-11-29T18:42:19","slug":"esclavage-libye-dignite-de-personne-etre-coeur-de-pensee-aime-addi-amnesty-int-togo-2","status":"publish","type":"post","link":"https:\/\/www.ecoconscience.tv\/esclavage-libye-dignite-de-personne-etre-coeur-de-pensee-aime-addi-amnesty-int-togo-2\/","title":{"rendered":"Esclavage en Libye: &quot;la dignit\u00e9 de la personne doit \u00eatre au c\u0153ur de la pens\u00e9e&quot;, Aim\u00e9 ADDI \/ Amnesty Togo"},"content":{"rendered":"<p>L&rsquo;indignation a \u00e9t\u00e9 totale apr\u00e8s que la cha\u00eene am\u00e9ricaine CNN ait publi\u00e9 la vid\u00e9o montrant des migrants vendus aux ench\u00e8res en Libye. Comme si c&rsquo;\u00e9tait un r\u00eave, la nouvelle est pourtant v\u00e9rifi\u00e9e: l&rsquo;esclavage continue malheureusement en ce 21\u00e8me si\u00e8cle.<br \/>\nLa crise des migrants atteint ainsi son summum et d\u00e9sormais au del\u00e0 de l&rsquo;\u00e9moi suscit\u00e9 par cette vid\u00e9o, il urge que des solutions idoines, concr\u00e8tes et durables soient trouv\u00e9es \u00e0 tous les niveaux, notamment en Occident et sur le continent africain pour une gestion plus saine des migrants, voire des r\u00e9flexions pour diminuer le flux de migration. Sans nul doute, les droits de l&rsquo;homme sont une nouvelle fois bafou\u00e9s, ce qui fait monter les d\u00e9fenseurs de droits de L&rsquo;homme au cr\u00e9neau, eux qui avaient d\u00e9j\u00e0 tir\u00e9 la sonnette d&rsquo;alarme. Pour mieux en parler, nous avons comme invit\u00e9 pour vous dans cet entretien, Aim\u00e9 ADDI, Directeur Ex\u00e9cutif de la branche togolaise de Amnesty International. Avec lui, nous avions discut\u00e9 de l&rsquo;esclave en cours en Libye et les solutions envisageables aujourd&rsquo;hui \u00e0 la crise des migrants avec emphase mise sur la dignit\u00e9 humaine qui doit \u00eatre respect\u00e9e \u00e0 tout prix.<br \/>\nSuivez plut\u00f4t&#8230;<br \/>\nLa r\u00e9daction<\/p>\n","protected":false},"excerpt":{"rendered":"<p>L&rsquo;indignation a \u00e9t\u00e9 totale apr\u00e8s que la cha\u00eene am\u00e9ricaine CNN ait publi\u00e9 la vid\u00e9o montrant des migrants vendus aux ench\u00e8res en Libye. Comme si c&rsquo;\u00e9tait un r\u00eave, la nouvelle est pourtant v\u00e9rifi\u00e9e: l&rsquo;esclavage continue malheureusement en ce 21\u00e8me si\u00e8cle. La crise des migrants atteint ainsi son summum et d\u00e9sormais au del\u00e0 de l&rsquo;\u00e9moi suscit\u00e9 par [&hellip;]<\/p>\n","protected":false},"author":2,"featured_media":5288,"comment_status":"open","ping_status":"open","sticky":false,"template":"","format":"standard","meta":{"ec_post_video":"https:\/\/m.youtube.com\/watch?v=cd6K2usLR4k"},"categories":[3],"tags":[386,385,1146,1148,1144,15],"odd":[613],"_links":{"self":[{"href":"https:\/\/www.ecoconscience.tv\/api\/wp\/v2\/posts\/6255"}],"collection":[{"href":"https:\/\/www.ecoconscience.tv\/api\/wp\/v2\/posts"}],"about":[{"href":"https:\/\/www.ecoconscience.tv\/api\/wp\/v2\/types\/post"}],"author":[{"embeddable":true,"href":"https:\/\/www.ecoconscience.tv\/api\/wp\/v2\/users\/2"}],"replies":[{"embeddable":true,"href":"https:\/\/www.ecoconscience.tv\/api\/wp\/v2\/comments?post=6255"}],"version-history":[{"count":0,"href":"https:\/\/www.ecoconscience.tv\/api\/wp\/v2\/posts\/6255\/revisions"}],"wp:featuredmedia":[{"embeddable":true,"href":"https:\/\/www.ecoconscience.tv\/api\/wp\/v2\/media\/5288"}],"wp:attachment":[{"href":"https:\/\/www.ecoconscience.tv\/api\/wp\/v2\/media?parent=6255"}],"wp:term":[{"taxonomy":"category","embeddable":true,"href":"https:\/\/www.ecoconscience.tv\/api\/wp\/v2\/categories?post=6255"},{"taxonomy":"post_tag","embeddable":true,"href":"https:\/\/www.ecoconscience.tv\/api\/wp\/v2\/tags?post=6255"},{"taxonomy":"odd","embeddable":true,"href":"https:\/\/www.ecoconscience.tv\/api\/wp\/v2\/odd?post=6255"}],"curies":[{"name":"wp","href":"https:\/\/api.w.org\/{rel}","templated":true}]}}