{"id":6239,"date":"2017-10-04T13:49:21","date_gmt":"2017-10-04T13:49:21","guid":{"rendered":"https:\/\/www.ecoconscience.net\/?p=4965"},"modified":"2017-10-04T13:49:21","modified_gmt":"2017-10-04T13:49:21","slug":"lhabitat-ministre-sessenou-promet-bientot-ladoption-decret-portant-bail-dhabitation-fixation-baux-professionnels-2","status":"publish","type":"post","link":"https:\/\/www.ecoconscience.tv\/lhabitat-ministre-sessenou-promet-bientot-ladoption-decret-portant-bail-dhabitation-fixation-baux-professionnels-2\/","title":{"rendered":"\u00a0L&#039;habitat : le ministre SESSENOU promet pour bient\u00f4t, l&#039;adoption du d\u00e9cret portant bail d&#039;habitation et fixation des baux professionnels"},"content":{"rendered":"<p>Le lundi 2 octobre dernier a \u00e9t\u00e9 une nouvelle fois c\u00e9l\u00e9br\u00e9e la journ\u00e9e de L&rsquo;habitat. Et \u00e0 l&rsquo;occasion, votre cha\u00eene Ecoconscience TV a tendu son micro au ministre <strong>Fiatuwo Kwadjo SESSENOU<\/strong> de l&rsquo;Urbanisme, de l&rsquo;Habitat et du Cadre de Vie qui a bien voulu r\u00e9pondre \u00e0 quelques questions portant sur le th\u00e8me choisi pour l&rsquo;\u00e9dition 2017 de cette c\u00e9l\u00e9bration, \u00ab\u00a0Politiques du logement &#8211; Des habitations abordables \u00ab\u00a0et autre, les efforts consentis par le gouvernement togolais pour offrir des logements d\u00e9cents, abordables et durables aux citoyens .<br \/>\nSuivez plut\u00f4t&#8230;<br \/>\nLa r\u00e9daction.<\/p>\n","protected":false},"excerpt":{"rendered":"<p>Le lundi 2 octobre dernier a \u00e9t\u00e9 une nouvelle fois c\u00e9l\u00e9br\u00e9e la journ\u00e9e de L&rsquo;habitat. Et \u00e0 l&rsquo;occasion, votre cha\u00eene Ecoconscience TV a tendu son micro au ministre Fiatuwo Kwadjo SESSENOU de l&rsquo;Urbanisme, de l&rsquo;Habitat et du Cadre de Vie qui a bien voulu r\u00e9pondre \u00e0 quelques questions portant sur le th\u00e8me choisi pour l&rsquo;\u00e9dition [&hellip;]<\/p>\n","protected":false},"author":2,"featured_media":4967,"comment_status":"open","ping_status":"open","sticky":false,"template":"","format":"standard","meta":{"ec_post_video":"https:\/\/m.youtube.com\/watch?v=v_J42fjqd9w"},"categories":[3],"tags":[1034,880,1036,15,1032],"odd":[603],"_links":{"self":[{"href":"https:\/\/www.ecoconscience.tv\/api\/wp\/v2\/posts\/6239"}],"collection":[{"href":"https:\/\/www.ecoconscience.tv\/api\/wp\/v2\/posts"}],"about":[{"href":"https:\/\/www.ecoconscience.tv\/api\/wp\/v2\/types\/post"}],"author":[{"embeddable":true,"href":"https:\/\/www.ecoconscience.tv\/api\/wp\/v2\/users\/2"}],"replies":[{"embeddable":true,"href":"https:\/\/www.ecoconscience.tv\/api\/wp\/v2\/comments?post=6239"}],"version-history":[{"count":0,"href":"https:\/\/www.ecoconscience.tv\/api\/wp\/v2\/posts\/6239\/revisions"}],"wp:featuredmedia":[{"embeddable":true,"href":"https:\/\/www.ecoconscience.tv\/api\/wp\/v2\/media\/4967"}],"wp:attachment":[{"href":"https:\/\/www.ecoconscience.tv\/api\/wp\/v2\/media?parent=6239"}],"wp:term":[{"taxonomy":"category","embeddable":true,"href":"https:\/\/www.ecoconscience.tv\/api\/wp\/v2\/categories?post=6239"},{"taxonomy":"post_tag","embeddable":true,"href":"https:\/\/www.ecoconscience.tv\/api\/wp\/v2\/tags?post=6239"},{"taxonomy":"odd","embeddable":true,"href":"https:\/\/www.ecoconscience.tv\/api\/wp\/v2\/odd?post=6239"}],"curies":[{"name":"wp","href":"https:\/\/api.w.org\/{rel}","templated":true}]}}