{"id":6233,"date":"2017-09-22T07:08:43","date_gmt":"2017-09-22T07:08:43","guid":{"rendered":"https:\/\/www.ecoconscience.net\/?p=4919"},"modified":"2017-09-22T07:08:43","modified_gmt":"2017-09-22T07:08:43","slug":"lancement-officiel-projet-souffle-utilisation-rationnelle-produits-phytosanitaires-2","status":"publish","type":"post","link":"https:\/\/www.ecoconscience.tv\/lancement-officiel-projet-souffle-utilisation-rationnelle-produits-phytosanitaires-2\/","title":{"rendered":"Lancement officiel du projet &quot;SOUFFLE&quot; pour une utilisation rationnelle des produits phytosanitaires"},"content":{"rendered":"<blockquote><p><strong>Tout est fin pr\u00eat pour le d\u00e9marrage effectif du projet \u00ab\u00a0SOUFFLE\u00a0\u00bb ,\u00ab rationalisation des produits phytosanitaires et la gestion des d\u00e9chets agricoles au Togo \u00bb dans le Canton de Baguida.<\/strong><\/p><\/blockquote>\n<p>Le lancement officiel dudit projet a en effet eu lieu le mercredi 20 Septembre dernier dans cette localit\u00e9 \u00e0 l&rsquo;Est de Lom\u00e9, o\u00f9 se trouve un nombre consid\u00e9rable de mara\u00eechers, utilisateurs des produits phytosanitaires et des fertilisants. D\u00e9sormais, tout ce qui est d\u00e9chet de ces produits d\u00e9j\u00e0 utilis\u00e9s ou non sera collect\u00e9 et recycl\u00e9 gr\u00e2ce au projet \u00ab\u00a0SOUFFLE\u00a0\u00bb . L&rsquo;objectif \u00e9tant de pr\u00e9server la sant\u00e9 publique des producteurs et des consommateurs , celle des animaux et \u00e9viter par ailleurs, la d\u00e9gradation de l&rsquo;environnement quand on sait que les r\u00e9sidus de ces substances chimiques sont extr\u00eamement toxiques et sont la cause de plusieurs maladies canc\u00e9rig\u00e8nes.<br \/>\nTout sur le sujet dans ce reportage&#8230;<br \/>\nChris AGBEDINOU<\/p>\n","protected":false},"excerpt":{"rendered":"<p>Tout est fin pr\u00eat pour le d\u00e9marrage effectif du projet \u00ab\u00a0SOUFFLE\u00a0\u00bb ,\u00ab rationalisation des produits phytosanitaires et la gestion des d\u00e9chets agricoles au Togo \u00bb dans le Canton de Baguida. Le lancement officiel dudit projet a en effet eu lieu le mercredi 20 Septembre dernier dans cette localit\u00e9 \u00e0 l&rsquo;Est de Lom\u00e9, o\u00f9 se trouve [&hellip;]<\/p>\n","protected":false},"author":2,"featured_media":4920,"comment_status":"open","ping_status":"open","sticky":false,"template":"","format":"standard","meta":{"ec_post_video":"https:\/\/m.youtube.com\/watch?v=yT_tIazE2T8"},"categories":[2],"tags":[],"odd":[605],"_links":{"self":[{"href":"https:\/\/www.ecoconscience.tv\/api\/wp\/v2\/posts\/6233"}],"collection":[{"href":"https:\/\/www.ecoconscience.tv\/api\/wp\/v2\/posts"}],"about":[{"href":"https:\/\/www.ecoconscience.tv\/api\/wp\/v2\/types\/post"}],"author":[{"embeddable":true,"href":"https:\/\/www.ecoconscience.tv\/api\/wp\/v2\/users\/2"}],"replies":[{"embeddable":true,"href":"https:\/\/www.ecoconscience.tv\/api\/wp\/v2\/comments?post=6233"}],"version-history":[{"count":0,"href":"https:\/\/www.ecoconscience.tv\/api\/wp\/v2\/posts\/6233\/revisions"}],"wp:featuredmedia":[{"embeddable":true,"href":"https:\/\/www.ecoconscience.tv\/api\/wp\/v2\/media\/4920"}],"wp:attachment":[{"href":"https:\/\/www.ecoconscience.tv\/api\/wp\/v2\/media?parent=6233"}],"wp:term":[{"taxonomy":"category","embeddable":true,"href":"https:\/\/www.ecoconscience.tv\/api\/wp\/v2\/categories?post=6233"},{"taxonomy":"post_tag","embeddable":true,"href":"https:\/\/www.ecoconscience.tv\/api\/wp\/v2\/tags?post=6233"},{"taxonomy":"odd","embeddable":true,"href":"https:\/\/www.ecoconscience.tv\/api\/wp\/v2\/odd?post=6233"}],"curies":[{"name":"wp","href":"https:\/\/api.w.org\/{rel}","templated":true}]}}