{"id":6202,"date":"2017-05-13T19:29:18","date_gmt":"2017-05-13T19:29:18","guid":{"rendered":"https:\/\/www.ecoconscience.net\/?p=4540"},"modified":"2017-05-13T19:29:18","modified_gmt":"2017-05-13T19:29:18","slug":"festimmo-2017-limmobilier-lhabitat-2","status":"publish","type":"post","link":"https:\/\/www.ecoconscience.tv\/festimmo-2017-limmobilier-lhabitat-2\/","title":{"rendered":"FEST&#039;IMMO 2017: tout sur l&#039;immobilier et l&#039;habitat"},"content":{"rendered":"<blockquote>\n<div dir=\"auto\" style=\"text-align: justify;\"><strong>C&rsquo;est parti pour la 3\u00e8me \u00e9dition du salon International de l&rsquo;Immobilier et de l&rsquo;Habitat (<span style=\"color: #008000;\">FEST&rsquo;IMMO 2017<\/span>). L\u2019\u00e9v\u00e9nement qui r\u00e9unit depuis 2015 tous les acteurs du secteur immobilier notamment des agences immobili\u00e8res, des b\u00e2tisseurs et des promoteurs a \u00e9t\u00e9 officiellement lanc\u00e9 ce 12 mai 2017 \u00e0 Lom\u00e9, avec pour objectif principal de rassembler en un m\u00eame lieu tous les professionnels de la cha\u00eene immobili\u00e8re et les services qui y sont li\u00e9s afin de permettre aux visiteurs d&rsquo;avoir les meilleures approches possibles pour leur projet dans le dit domaine.<\/strong><\/div>\n<\/blockquote>\n<div dir=\"auto\" style=\"text-align: justify;\"><\/div>\n<div dir=\"auto\" style=\"text-align: justify;\">Au regard du succ\u00e8s des deux premi\u00e8res \u00e9ditions, ce nouveau chapitre du <span style=\"color: #008000;\">FEST&rsquo;IMMO<\/span> sera un rendez-vous de confirmation du dynamisme d\u00e9j\u00e0 prouv\u00e9 par ses organisateurs. Plusieurs conf\u00e9rences dont les th\u00e8mes : L&rsquo;am\u00e9nagement de la ville de Lom\u00e9 : quelles visions pour demain ou encore une habitation saine, \u00e9conomique et durable :quels mat\u00e9riaux choisir ? permettront de rehausser l&rsquo;\u00e9clat de cette \u00e9dition qui s&rsquo;inscrit in\u00e9luctablement dans les objectifs de d\u00e9veloppement durable, notamment l&rsquo;<span style=\"color: #008000;\">ODD 11<\/span>, \u00ab\u00a0villes et communaut\u00e9s durables\u00a0\u00bb.<\/div>\n<div dir=\"auto\" style=\"text-align: justify;\"><\/div>\n<div dir=\"auto\" style=\"text-align: justify;\">Plus de d\u00e9tails dans le reportage &#8230;<\/div>\n<div dir=\"auto\" style=\"text-align: justify;\"><\/div>\n<div dir=\"auto\" style=\"text-align: justify;\"><span style=\"color: #008000;\">Chris AGBEDINOU<\/span><\/div>\n","protected":false},"excerpt":{"rendered":"<p>C&rsquo;est parti pour la 3\u00e8me \u00e9dition du salon International de l&rsquo;Immobilier et de l&rsquo;Habitat (FEST&rsquo;IMMO 2017). L\u2019\u00e9v\u00e9nement qui r\u00e9unit depuis 2015 tous les acteurs du secteur immobilier notamment des agences immobili\u00e8res, des b\u00e2tisseurs et des promoteurs a \u00e9t\u00e9 officiellement lanc\u00e9 ce 12 mai 2017 \u00e0 Lom\u00e9, avec pour objectif principal de rassembler en un m\u00eame [&hellip;]<\/p>\n","protected":false},"author":2,"featured_media":4541,"comment_status":"open","ping_status":"open","sticky":false,"template":"","format":"standard","meta":{"ec_post_video":"https:\/\/www.youtube.com\/watch?v=vMMwh_U0LZ8"},"categories":[2],"tags":[880],"odd":[603],"_links":{"self":[{"href":"https:\/\/www.ecoconscience.tv\/api\/wp\/v2\/posts\/6202"}],"collection":[{"href":"https:\/\/www.ecoconscience.tv\/api\/wp\/v2\/posts"}],"about":[{"href":"https:\/\/www.ecoconscience.tv\/api\/wp\/v2\/types\/post"}],"author":[{"embeddable":true,"href":"https:\/\/www.ecoconscience.tv\/api\/wp\/v2\/users\/2"}],"replies":[{"embeddable":true,"href":"https:\/\/www.ecoconscience.tv\/api\/wp\/v2\/comments?post=6202"}],"version-history":[{"count":0,"href":"https:\/\/www.ecoconscience.tv\/api\/wp\/v2\/posts\/6202\/revisions"}],"wp:featuredmedia":[{"embeddable":true,"href":"https:\/\/www.ecoconscience.tv\/api\/wp\/v2\/media\/4541"}],"wp:attachment":[{"href":"https:\/\/www.ecoconscience.tv\/api\/wp\/v2\/media?parent=6202"}],"wp:term":[{"taxonomy":"category","embeddable":true,"href":"https:\/\/www.ecoconscience.tv\/api\/wp\/v2\/categories?post=6202"},{"taxonomy":"post_tag","embeddable":true,"href":"https:\/\/www.ecoconscience.tv\/api\/wp\/v2\/tags?post=6202"},{"taxonomy":"odd","embeddable":true,"href":"https:\/\/www.ecoconscience.tv\/api\/wp\/v2\/odd?post=6202"}],"curies":[{"name":"wp","href":"https:\/\/api.w.org\/{rel}","templated":true}]}}