{"id":6168,"date":"2016-12-13T11:30:06","date_gmt":"2016-12-13T11:30:06","guid":{"rendered":"https:\/\/www.ecoconscience.net\/?p=1067"},"modified":"2016-12-13T11:30:06","modified_gmt":"2016-12-13T11:30:06","slug":"duhd-le-respect-des-droits-de-lhomme-une-affaire-de-tous-2","status":"publish","type":"post","link":"https:\/\/www.ecoconscience.tv\/duhd-le-respect-des-droits-de-lhomme-une-affaire-de-tous-2\/","title":{"rendered":"DUDH : Le respect des Droits de l&#039;Homme, l&#039;affaire de tous"},"content":{"rendered":"<p style=\"text-align: justify;\"><span style=\"color: #808080;\">La tradition a une nouvelle fois \u00e9t\u00e9 respect\u00e9e le 10 D\u00e9cembre dernier partout dans le monde en ce qui concerne la c\u00e9l\u00e9bration de la journ\u00e9e internationale des droits de l&rsquo;homme. Plac\u00e9e cette ann\u00e9e sous le th\u00e8me \u00ab\u00a0D\u00e9fendez les droits de quelqu&rsquo;un aujourd&rsquo;hui\u00a0\u00bb, cette journ\u00e9e permet aux uns et aux autres de se rappeler des droits fondamentaux de l&rsquo;\u00eatre humain contenus dans la d\u00e9claration universelle des droits de l&rsquo;homme dont la connaissance participe \u00e0 l&rsquo;acquisition d&rsquo;une culture humaniste et \u00e0 la construction progressive de la citoyennet\u00e9. <\/span><\/p>\n<p style=\"text-align: justify;\">Elle encourage par ailleurs les pays en qu\u00eate quotidienne d&rsquo;une soci\u00e9t\u00e9 plus juste de faire le point sur le respect des droits de l&rsquo;homme afin de d\u00e9finir de nouveaux d\u00e9fis \u00e0 relever.<\/p>\n<p style=\"text-align: justify;\">Quel est alors la situation des droits de l&rsquo;homme au Togo apr\u00e8s une d\u00e9cennie de pouvoir et de gouvernance de Faure Gnassingb\u00e9, le fils de l&rsquo;ancien pr\u00e9sident Gnassingb\u00e9 Eyadema, et ensuite les objectifs du projet \u00ab\u00a0Jeunes acteurs de la r\u00e9conciliation : l&rsquo;\u00e9ducation \u00e0 la citoyennet\u00e9 et aux droits humains au service de l&rsquo;unit\u00e9 nationale\u00a0\u00bb lanc\u00e9 par Amnesty International Togo et qui consiste \u00e0 introduire les droits de l&rsquo;homme dans les programmes scolaires ? Vous aurez toutes les r\u00e9ponses en cliquant sur la vid\u00e9o en dessus.<\/p>\n<p style=\"text-align: justify;\"><em><strong><span style=\"color: #008000;\">Chris ABGEDJINOU<\/span><\/strong><\/em><\/p>\n","protected":false},"excerpt":{"rendered":"<p>La tradition a une nouvelle fois \u00e9t\u00e9 respect\u00e9e le 10 D\u00e9cembre dernier partout dans le monde en ce qui concerne la c\u00e9l\u00e9bration de la journ\u00e9e internationale des droits de l&rsquo;homme. Plac\u00e9e cette ann\u00e9e sous le th\u00e8me \u00ab\u00a0D\u00e9fendez les droits de quelqu&rsquo;un aujourd&rsquo;hui\u00a0\u00bb, cette journ\u00e9e permet aux uns et aux autres de se rappeler des droits [&hellip;]<\/p>\n","protected":false},"author":2,"featured_media":6367,"comment_status":"open","ping_status":"open","sticky":false,"template":"","format":"video","meta":{"ec_post_video":""},"categories":[372],"tags":[386,383,385,384,15,106],"odd":[],"_links":{"self":[{"href":"https:\/\/www.ecoconscience.tv\/api\/wp\/v2\/posts\/6168"}],"collection":[{"href":"https:\/\/www.ecoconscience.tv\/api\/wp\/v2\/posts"}],"about":[{"href":"https:\/\/www.ecoconscience.tv\/api\/wp\/v2\/types\/post"}],"author":[{"embeddable":true,"href":"https:\/\/www.ecoconscience.tv\/api\/wp\/v2\/users\/2"}],"replies":[{"embeddable":true,"href":"https:\/\/www.ecoconscience.tv\/api\/wp\/v2\/comments?post=6168"}],"version-history":[{"count":0,"href":"https:\/\/www.ecoconscience.tv\/api\/wp\/v2\/posts\/6168\/revisions"}],"wp:featuredmedia":[{"embeddable":true,"href":"https:\/\/www.ecoconscience.tv\/api\/wp\/v2\/media\/6367"}],"wp:attachment":[{"href":"https:\/\/www.ecoconscience.tv\/api\/wp\/v2\/media?parent=6168"}],"wp:term":[{"taxonomy":"category","embeddable":true,"href":"https:\/\/www.ecoconscience.tv\/api\/wp\/v2\/categories?post=6168"},{"taxonomy":"post_tag","embeddable":true,"href":"https:\/\/www.ecoconscience.tv\/api\/wp\/v2\/tags?post=6168"},{"taxonomy":"odd","embeddable":true,"href":"https:\/\/www.ecoconscience.tv\/api\/wp\/v2\/odd?post=6168"}],"curies":[{"name":"wp","href":"https:\/\/api.w.org\/{rel}","templated":true}]}}