{"id":6167,"date":"2016-12-03T20:55:28","date_gmt":"2016-12-03T20:55:28","guid":{"rendered":"https:\/\/www.ecoconscience.net\/?p=1051"},"modified":"2016-12-03T20:55:28","modified_gmt":"2016-12-03T20:55:28","slug":"validation-du-projet-de-lutte-contre-linsecte-hlevi-dans-la-zone-de-baguida-2","status":"publish","type":"post","link":"https:\/\/www.ecoconscience.tv\/validation-du-projet-de-lutte-contre-linsecte-hlevi-dans-la-zone-de-baguida-2\/","title":{"rendered":"Validation du projet de lutte contre l&#039;Insecte Hl\u00e9vi dans la zone de Baguida"},"content":{"rendered":"<p style=\"text-align: justify;\"><span style=\"color: #808080;\">Trouver des solutions viables pour \u00e9radiquer l&rsquo;insecte colico\u00efde Hl\u00e9vi qui s\u00e9vit dans la zone de Baguida sur le littorale, \u00e0 l&rsquo;est de Lom\u00e9, tel est l&rsquo;objectif de atelier de validation du rapport d&rsquo;\u00e9tude identification des insectes de Baguida organis\u00e9 par l&rsquo;Alliance Nationale des Consommateurs et de l&rsquo;environnement, ANCE Togo et qui a r\u00e9uni le vendredi 2 D\u00e9cembre 2016 au si\u00e8ge de cette ONG \u00e0 Lom\u00e9, des repr\u00e9sentants de la banque mondiale, l&rsquo;unit\u00e9 de gestion PGICT et de l&rsquo;AGAIB-Maritime ainsi que des autorit\u00e9s administratives et traditionnelles des localit\u00e9s envahies par cet insecte.<\/span><\/p>\n<p style=\"text-align: justify;\">Il s&rsquo;est agi en effet d&rsquo;informer les diff\u00e9rents participants suite \u00e0 l&rsquo;\u00e9tude men\u00e9e sur le terrain des aspects du sous projet et des plans de riposte propos\u00e9s par les sp\u00e9cialistes ayant men\u00e9 la dite \u00e9tude en vue de r\u00e9duire l&rsquo;impact de la piq\u00fbre de ses insectes.<\/p>\n<p style=\"text-align: justify;\">Dans le reportage que nous consacrons \u00e0 ce fl\u00e9au qui fait d\u00e9placer les populations dans la zone de Baguida et de ses environs, vous suivrez le t\u00e9moignage des populations avec les mesures qu&rsquo;elles ont adopt\u00e9 pour se prot\u00e9ger de l&rsquo;insecte, la connaissance scientifique de Hl\u00e9vi apr\u00e8s l&rsquo;\u00e9tude men\u00e9e par l&rsquo;\u00e9quipe comp\u00e9tente ainsi que les recommandations faites pour une action concr\u00e8te et efficace.<\/p>\n<p><span style=\"color: #008000;\"><em><strong>Chris AGbEDINOU<\/strong><\/em><\/span><\/p>\n","protected":false},"excerpt":{"rendered":"<p>Trouver des solutions viables pour \u00e9radiquer l&rsquo;insecte colico\u00efde Hl\u00e9vi qui s\u00e9vit dans la zone de Baguida sur le littorale, \u00e0 l&rsquo;est de Lom\u00e9, tel est l&rsquo;objectif de atelier de validation du rapport d&rsquo;\u00e9tude identification des insectes de Baguida organis\u00e9 par l&rsquo;Alliance Nationale des Consommateurs et de l&rsquo;environnement, ANCE Togo et qui a r\u00e9uni le vendredi [&hellip;]<\/p>\n","protected":false},"author":2,"featured_media":1059,"comment_status":"open","ping_status":"open","sticky":false,"template":"","format":"video","meta":{"ec_post_video":""},"categories":[372,2],"tags":[379,13,380],"odd":[],"_links":{"self":[{"href":"https:\/\/www.ecoconscience.tv\/api\/wp\/v2\/posts\/6167"}],"collection":[{"href":"https:\/\/www.ecoconscience.tv\/api\/wp\/v2\/posts"}],"about":[{"href":"https:\/\/www.ecoconscience.tv\/api\/wp\/v2\/types\/post"}],"author":[{"embeddable":true,"href":"https:\/\/www.ecoconscience.tv\/api\/wp\/v2\/users\/2"}],"replies":[{"embeddable":true,"href":"https:\/\/www.ecoconscience.tv\/api\/wp\/v2\/comments?post=6167"}],"version-history":[{"count":0,"href":"https:\/\/www.ecoconscience.tv\/api\/wp\/v2\/posts\/6167\/revisions"}],"wp:featuredmedia":[{"embeddable":true,"href":"https:\/\/www.ecoconscience.tv\/api\/wp\/v2\/media\/1059"}],"wp:attachment":[{"href":"https:\/\/www.ecoconscience.tv\/api\/wp\/v2\/media?parent=6167"}],"wp:term":[{"taxonomy":"category","embeddable":true,"href":"https:\/\/www.ecoconscience.tv\/api\/wp\/v2\/categories?post=6167"},{"taxonomy":"post_tag","embeddable":true,"href":"https:\/\/www.ecoconscience.tv\/api\/wp\/v2\/tags?post=6167"},{"taxonomy":"odd","embeddable":true,"href":"https:\/\/www.ecoconscience.tv\/api\/wp\/v2\/odd?post=6167"}],"curies":[{"name":"wp","href":"https:\/\/api.w.org\/{rel}","templated":true}]}}