{"id":6166,"date":"2016-11-28T14:51:17","date_gmt":"2016-11-28T14:51:17","guid":{"rendered":"https:\/\/www.ecoconscience.net\/?p=1038"},"modified":"2016-11-28T14:51:17","modified_gmt":"2016-11-28T14:51:17","slug":"1038-2-2","status":"publish","type":"post","link":"https:\/\/www.ecoconscience.tv\/1038-2-2\/","title":{"rendered":"Togo : AMCC+ se veut \u00eatre un outil d&#039;adaptation efficace aux changements climatiques"},"content":{"rendered":"<p style=\"text-align: justify;\">Appuyer le Togo dans la mise en oeuvre d&rsquo;une r\u00e9ponse nationale aux d\u00e9fis pos\u00e9s par les changements climatiques tel est l&rsquo;objectif principal du Projet <span style=\"color: #008000;\"><a style=\"color: #008000;\" href=\"http:\/\/www.agrhymet.ne\/portailCC\/images\/pdf\/depliant_GCCA.pdf\" target=\"_blank\">Alliance Mondiale contre\u00a0le Changement climatique<\/a><\/span> (AMCC+) lanc\u00e9 le 14 novembre dernier par le minist\u00e8re de l&rsquo;environnement et des ressources foresti\u00e8res et la d\u00e9l\u00e9gation de l&rsquo;union europ\u00e9enne.<\/p>\n<p style=\"text-align: justify;\">Plusieurs acteurs de la protection de l&rsquo;environnement, notamment l&rsquo;ONG Alliance Nationale des Consommateurs et de l&rsquo;Environnement a \u00e9galement pris part \u00e0 l&rsquo;\u00e9laboration du dit projet.<\/p>\n<p style=\"text-align: justify;\">A terme, les\u00a0r\u00e9sultats attendus de ce <span style=\"color: #008000;\"><a style=\"color: #008000;\" href=\"http:\/\/www.gcca.eu\/sites\/default\/files\/catherine.paul\/plaquette_dinformation_generale_gcca_cilss.pdf\" target=\"_blank\">projet<\/a><\/span> : la r\u00e9silience des populations par une gestion durant est augment\u00e9e ; la r\u00e9habilitation et la pr\u00e9servation des sols et du couvert biomasse et de la fili\u00e8re bois \u00e9nergie est rendue plus efficace pour accompagner une transition vers une \u00e9conomie sobre ne carbone et les capacit\u00e9s des principaux acteurs de lutte contre les changements climatiques sont mieux int\u00e9gr\u00e9es dans les strat\u00e9gies nationales et les politiques publiques.<\/p>\n<p style=\"text-align: justify;\">Le Directeur Ex\u00e9cutif de l&rsquo;Alliance Nationale des Consommateurs et de l&rsquo;Environnement (<span style=\"color: #008000;\"><a style=\"color: #008000;\" href=\"http:\/\/ancetogo.org\/\" target=\"_blank\">ANCE-Togo<\/a><\/span>) M.Fabrice Ebeh \u00e9voque avec nous dans ce dossier, l&rsquo;appropriation encore faible faite de l&rsquo;utilisation des \u00e9nergies renouvelables, du\u00a0projet AMCC+ et aussi de l&rsquo;\u00e9lection du climato sceptique Donald Trump.<\/p>\n<p style=\"text-align: justify;\"><em><strong><span style=\"color: #008000;\">Chris AGbEDINOU<\/span><\/strong><\/em><\/p>\n<p>&nbsp;<\/p>\n","protected":false},"excerpt":{"rendered":"<p>Appuyer le Togo dans la mise en oeuvre d&rsquo;une r\u00e9ponse nationale aux d\u00e9fis pos\u00e9s par les changements climatiques tel est l&rsquo;objectif principal du Projet Alliance Mondiale contre\u00a0le Changement climatique (AMCC+) lanc\u00e9 le 14 novembre dernier par le minist\u00e8re de l&rsquo;environnement et des ressources foresti\u00e8res et la d\u00e9l\u00e9gation de l&rsquo;union europ\u00e9enne. Plusieurs acteurs de la protection [&hellip;]<\/p>\n","protected":false},"author":2,"featured_media":1041,"comment_status":"open","ping_status":"open","sticky":false,"template":"","format":"video","meta":{"ec_post_video":""},"categories":[372,2],"tags":[],"odd":[],"_links":{"self":[{"href":"https:\/\/www.ecoconscience.tv\/api\/wp\/v2\/posts\/6166"}],"collection":[{"href":"https:\/\/www.ecoconscience.tv\/api\/wp\/v2\/posts"}],"about":[{"href":"https:\/\/www.ecoconscience.tv\/api\/wp\/v2\/types\/post"}],"author":[{"embeddable":true,"href":"https:\/\/www.ecoconscience.tv\/api\/wp\/v2\/users\/2"}],"replies":[{"embeddable":true,"href":"https:\/\/www.ecoconscience.tv\/api\/wp\/v2\/comments?post=6166"}],"version-history":[{"count":0,"href":"https:\/\/www.ecoconscience.tv\/api\/wp\/v2\/posts\/6166\/revisions"}],"wp:featuredmedia":[{"embeddable":true,"href":"https:\/\/www.ecoconscience.tv\/api\/wp\/v2\/media\/1041"}],"wp:attachment":[{"href":"https:\/\/www.ecoconscience.tv\/api\/wp\/v2\/media?parent=6166"}],"wp:term":[{"taxonomy":"category","embeddable":true,"href":"https:\/\/www.ecoconscience.tv\/api\/wp\/v2\/categories?post=6166"},{"taxonomy":"post_tag","embeddable":true,"href":"https:\/\/www.ecoconscience.tv\/api\/wp\/v2\/tags?post=6166"},{"taxonomy":"odd","embeddable":true,"href":"https:\/\/www.ecoconscience.tv\/api\/wp\/v2\/odd?post=6166"}],"curies":[{"name":"wp","href":"https:\/\/api.w.org\/{rel}","templated":true}]}}