{"id":6165,"date":"2016-11-09T00:29:59","date_gmt":"2016-11-09T00:29:59","guid":{"rendered":"https:\/\/www.ecoconscience.net\/?p=1024"},"modified":"2016-11-09T00:29:59","modified_gmt":"2016-11-09T00:29:59","slug":"jeunesse-pour-leau-et-le-climat-fait-entendre-sa-voix-a-marrakech-2","status":"publish","type":"post","link":"https:\/\/www.ecoconscience.tv\/jeunesse-pour-leau-et-le-climat-fait-entendre-sa-voix-a-marrakech-2\/","title":{"rendered":"Jeunesse pour l&#039;Eau et le Climat fait entendre sa voix \u00e0 Marrakech"},"content":{"rendered":"<p style=\"text-align: justify;\">L&rsquo;eau, l&rsquo;un des secteurs les plus touch\u00e9s par les changements climatiques est au centre des n\u00e9gociations ici \u00e0 la COP22, \u00e0 Marrakech.<\/p>\n<p style=\"text-align: justify;\">Ce 8 novembre, sous l&rsquo;initiative Jeunesse pour l&rsquo;Eau et le Climat en partenariat avec <span style=\"color: #008000;\"><a style=\"color: #008000;\" href=\"http:\/\/www.gwp.org\/en\/gwp-in-action\/youth-portal\/\" target=\"_blank\">Global Water Partnerships<\/a><\/span>, les jeunes se sont mobilis\u00e9s \u00e0 travers un side event pour faire entendre leur voix.<\/p>\n<p style=\"text-align: justify;\">Au cours de cette rencontre, les participants venus de diff\u00e9rents pays ont partag\u00e9 leurs exp\u00e9riences, suivi des travaux de groupes permettant de ressortir des id\u00e9es pertinentes, surtout partant du Livre Blanc \u00e9labor\u00e9 par la jeunesse et pr\u00e9sent\u00e9 lors de la COP21.<\/p>\n<p style=\"text-align: justify;\"><strong><span style=\"color: #008000;\">ECO CONSCIENCE TV<\/span> <\/strong>vous offre tout sur ce Side Event dans ce reportage.<\/p>\n","protected":false},"excerpt":{"rendered":"<p>L&rsquo;eau, l&rsquo;un des secteurs les plus touch\u00e9s par les changements climatiques est au centre des n\u00e9gociations ici \u00e0 la COP22, \u00e0 Marrakech. Ce 8 novembre, sous l&rsquo;initiative Jeunesse pour l&rsquo;Eau et le Climat en partenariat avec Global Water Partnerships, les jeunes se sont mobilis\u00e9s \u00e0 travers un side event pour faire entendre leur voix. Au [&hellip;]<\/p>\n","protected":false},"author":2,"featured_media":1025,"comment_status":"open","ping_status":"open","sticky":false,"template":"","format":"video","meta":{"ec_post_video":""},"categories":[372,2],"tags":[11,9,302,86,13,88,310],"odd":[],"_links":{"self":[{"href":"https:\/\/www.ecoconscience.tv\/api\/wp\/v2\/posts\/6165"}],"collection":[{"href":"https:\/\/www.ecoconscience.tv\/api\/wp\/v2\/posts"}],"about":[{"href":"https:\/\/www.ecoconscience.tv\/api\/wp\/v2\/types\/post"}],"author":[{"embeddable":true,"href":"https:\/\/www.ecoconscience.tv\/api\/wp\/v2\/users\/2"}],"replies":[{"embeddable":true,"href":"https:\/\/www.ecoconscience.tv\/api\/wp\/v2\/comments?post=6165"}],"version-history":[{"count":0,"href":"https:\/\/www.ecoconscience.tv\/api\/wp\/v2\/posts\/6165\/revisions"}],"wp:featuredmedia":[{"embeddable":true,"href":"https:\/\/www.ecoconscience.tv\/api\/wp\/v2\/media\/1025"}],"wp:attachment":[{"href":"https:\/\/www.ecoconscience.tv\/api\/wp\/v2\/media?parent=6165"}],"wp:term":[{"taxonomy":"category","embeddable":true,"href":"https:\/\/www.ecoconscience.tv\/api\/wp\/v2\/categories?post=6165"},{"taxonomy":"post_tag","embeddable":true,"href":"https:\/\/www.ecoconscience.tv\/api\/wp\/v2\/tags?post=6165"},{"taxonomy":"odd","embeddable":true,"href":"https:\/\/www.ecoconscience.tv\/api\/wp\/v2\/odd?post=6165"}],"curies":[{"name":"wp","href":"https:\/\/api.w.org\/{rel}","templated":true}]}}