{"id":6162,"date":"2016-11-10T00:53:52","date_gmt":"2016-11-10T00:53:52","guid":{"rendered":"https:\/\/www.ecoconscience.net\/?p=970"},"modified":"2016-11-10T00:53:52","modified_gmt":"2016-11-10T00:53:52","slug":"les-medias-et-changements-climatiques-la-haca-prend-des-mesures-daccompagnement-2","status":"publish","type":"post","link":"https:\/\/www.ecoconscience.tv\/les-medias-et-changements-climatiques-la-haca-prend-des-mesures-daccompagnement-2\/","title":{"rendered":"Les m\u00e9dias et changements climatiques : La HACA prend des mesures d&#039;accompagnement"},"content":{"rendered":"<p style=\"text-align: justify;\">Portant sur le th\u00e8me\u00a0: \u00ab Les professionnels des m\u00e9dias, acteurs majeurs pour la protection de l\u2019environnement \u00bb, la Haute Autorit\u00e9 de la Communication Audiovisuelle (<span style=\"color: #008000;\"><a style=\"color: #008000;\" href=\"http:\/\/www.haca.ma\/\" target=\"_blank\">HACA<\/a><\/span>) du Maroc a organis\u00e9, le mercredi 09 novembre 2016 dernier, une rencontre avec les acteurs du monde des m\u00e9dias, dans son stand \u00e0 la COP22.<\/p>\n<p style=\"text-align: justify;\">Ont pris part \u00e0 cet \u00e9v\u00e9nement, Mme Khadija El Gour, membre du Conseil Sup\u00e9rieur de la Communication Audiovisuelle (CSCA), M.Nizar Baraka, pr\u00e9sident du Conseil Economique Social et Environnemental (CESE) et M.Driss El Yazami, pr\u00e9sident du Conseil National des Droits de l\u2019Homme (CNDH), tous deux membres du steering committee de la COP22.<\/p>\n<p style=\"text-align: justify;\">Selon Mme Amina Lemrini Elouahabi, pr\u00e9sidente de la HACA, l\u2019objectif est de \u00ab\u00a0susciter un engagement commun des professionnels des m\u00e9dias pour l\u2019apr\u00e8s COP22\u00a0\u00bb.<\/p>\n<p style=\"text-align: justify;\">Pour elle, les m\u00e9dias ont un devoir envers la pr\u00e9servation de la\u00a0 plan\u00e8te. \u00ab\u00a0Nous avons tous une responsabilit\u00e9 envers notre plan\u00e8te\u00a0\u00bb, a-t-elle fait savoir.<\/p>\n<p style=\"text-align: justify;\">La lutte contre\u00a0 les changements climatiques une affaire de tous et des m\u00e9dias en premier lieu, car ils jouent un grand r\u00f4le d\u2019\u00e9ducation pour un comportement \u00e9coresponsable des citoyens. Pour Mme Amina Lemrini, les m\u00e9dias doivent s\u2019approprier toutes les questions environnementales afin d\u2019une conscientisation des gouvernants et des gouvern\u00e9s.<\/p>\n<p style=\"text-align: justify;\">Retrouvons la Pr\u00e9sidente de la HACA dans cet entretien qu\u2019elle nous accord\u00e9.<\/p>\n<p><strong><span style=\"color: #008000;\">ECO CONSCIENCE TV<\/span><\/strong><br \/>\n&nbsp;<br \/>\n&nbsp;<\/p>\n","protected":false},"excerpt":{"rendered":"<p>Portant sur le th\u00e8me\u00a0: \u00ab Les professionnels des m\u00e9dias, acteurs majeurs pour la protection de l\u2019environnement \u00bb, la Haute Autorit\u00e9 de la Communication Audiovisuelle (HACA) du Maroc a organis\u00e9, le mercredi 09 novembre 2016 dernier, une rencontre avec les acteurs du monde des m\u00e9dias, dans son stand \u00e0 la COP22. Ont pris part \u00e0 cet [&hellip;]<\/p>\n","protected":false},"author":2,"featured_media":973,"comment_status":"open","ping_status":"open","sticky":false,"template":"","format":"video","meta":{"ec_post_video":""},"categories":[3],"tags":[11,302,363,361],"odd":[],"_links":{"self":[{"href":"https:\/\/www.ecoconscience.tv\/api\/wp\/v2\/posts\/6162"}],"collection":[{"href":"https:\/\/www.ecoconscience.tv\/api\/wp\/v2\/posts"}],"about":[{"href":"https:\/\/www.ecoconscience.tv\/api\/wp\/v2\/types\/post"}],"author":[{"embeddable":true,"href":"https:\/\/www.ecoconscience.tv\/api\/wp\/v2\/users\/2"}],"replies":[{"embeddable":true,"href":"https:\/\/www.ecoconscience.tv\/api\/wp\/v2\/comments?post=6162"}],"version-history":[{"count":0,"href":"https:\/\/www.ecoconscience.tv\/api\/wp\/v2\/posts\/6162\/revisions"}],"wp:featuredmedia":[{"embeddable":true,"href":"https:\/\/www.ecoconscience.tv\/api\/wp\/v2\/media\/973"}],"wp:attachment":[{"href":"https:\/\/www.ecoconscience.tv\/api\/wp\/v2\/media?parent=6162"}],"wp:term":[{"taxonomy":"category","embeddable":true,"href":"https:\/\/www.ecoconscience.tv\/api\/wp\/v2\/categories?post=6162"},{"taxonomy":"post_tag","embeddable":true,"href":"https:\/\/www.ecoconscience.tv\/api\/wp\/v2\/tags?post=6162"},{"taxonomy":"odd","embeddable":true,"href":"https:\/\/www.ecoconscience.tv\/api\/wp\/v2\/odd?post=6162"}],"curies":[{"name":"wp","href":"https:\/\/api.w.org\/{rel}","templated":true}]}}