{"id":6158,"date":"2016-11-06T04:51:02","date_gmt":"2016-11-06T03:51:02","guid":{"rendered":"https:\/\/www.ecoconscience.net\/?p=884"},"modified":"2016-11-06T04:51:02","modified_gmt":"2016-11-06T03:51:02","slug":"avec-ifdd-lafrique-et-les-autres-pays-francophones-passent-a-loffensive-2","status":"publish","type":"post","link":"https:\/\/www.ecoconscience.tv\/avec-ifdd-lafrique-et-les-autres-pays-francophones-passent-a-loffensive-2\/","title":{"rendered":"CdP22 \/ Avec l&#039;IFDD, l\u2019Afrique et les autres pays francophones passent \u00e0 l\u2019offensive"},"content":{"rendered":"<p style=\"text-align: justify;\"><span style=\"color: #808080;\">R\u00e9unis en atelier pr\u00e9paratoire \u00e0 quelques heures de l\u2019ouverture de la COP22, ce 5 novembre \u00e0 l\u2019h\u00f4tel Royal Mansour, \u00e0 Marrakech, les n\u00e9gociateurs et d\u00e9l\u00e9gu\u00e9s de l\u2019Afrique francophone ont pass\u00e9 en revue les diff\u00e9rents points principaux de la n\u00e9gociation inscrits \u00e0 l\u2019agenda de la COP22.<\/span><\/p>\n<p style=\"text-align: justify;\">Cet atelier, organis\u00e9 par l\u2019<a href=\"http:\/\/www.ifdd.francophonie.org\/\" target=\"_blank\"><span style=\"color: #008000;\">Institut de la Francophonie pour le D\u00e9veloppement Durable<\/span><\/a> (IFDD), organe subsidiaire de l\u2019Organisation Internationale de la Francophonie (<a href=\"http:\/\/www.francophonie.org\" target=\"_blank\"><span style=\"color: #008000;\">OIF<\/span><\/a>), vise \u00e0 permettre aux n\u00e9gociateurs et aux autres parties prenantes d\u2019avoir acc\u00e8s \u00e0 une synth\u00e8se actualis\u00e9e des principaux enjeux de la 22<sup>\u00e8me<\/sup> session de la Convention-cadre des Nations Unies sur les Changements Climatiques(CdP22) et la mise en \u0153uvre de l\u2019<a href=\"http:\/\/www.francetvinfo.fr\/meteo\/climat\/cop21\/l-accord-de-paris-sur-le-climat-entre-en-vigueur-et-maintenant_1904943.html\" target=\"_blank\"><span style=\"color: #008000;\">Accord de Paris<\/span><\/a>.<\/p>\n<p style=\"text-align: justify;\">Les diff\u00e9rentes interventions lors de cette rencontre, ont port\u00e9 sur les grands points majeurs de l\u2019Accord de Paris, les grands enjeux des n\u00e9gociations de la COP22, surtout les positions des principales Parties aux n\u00e9gociations, notamment des pays d\u2019Afrique francophone, des Pays Moins Avanc\u00e9s (PMA).<\/p>\n<p style=\"text-align: justify;\"><strong>\u00a0<\/strong>\u00abCette initiative se tient au lendemain de l\u2019entr\u00e9e en vigueur de l\u2019Accord de Paris. Son entr\u00e9e en vigueur rapide est un signal politique clair qui nous appelle \u00e0 mener des actions d\u00e9cisives et concr\u00e8tes de r\u00e9duction des \u00e9missions et d\u2019adaptation aux effets des changements climatiques. Cet atelier se veut un cadre de partage des informations pertinentes et d\u2019\u00e9changes pour permettre \u00e0 nos d\u00e9l\u00e9gations d\u2019\u00eatre au mieux pr\u00e9par\u00e9es sur l\u2019ordre du jour et les enjeux de cette CdP\u00bb, a d\u00e9clar\u00e9 M.<a href=\"http:\/\/www.onu-ppp.org\/bernard-dubois\" target=\"_blank\"><span style=\"color: #008000;\">Bernard Dubois<\/span><\/a>, Repr\u00e9sentant de l\u2019OIF.<\/p>\n<p style=\"text-align: justify;\">Entre autres points abord\u00e9s\u00a0: \u00abHistorique des n\u00e9gociations, l\u2019Axe Paris-Marrakech-Perspectives\u00bb\u00a0; \u00abIntroduction au Guide des N\u00e9gociations de la <a href=\"http:\/\/cop22.ma\/fr\/content\/qu%E2%80%99est-ce-que-les-cop\" target=\"_blank\"><span style=\"color: #008000;\">COP22<\/span><\/a>, principaux enjeux pour les n\u00e9gociations \u00e0 l\u2019agenda\u00bb\u00a0;\u00a0 \u00abL\u2019apr\u00e8s Marrakech, quelles perspectives pour la mise en \u0153uvre de l\u2019Accord de Paris\u00a0?\u00a0\u00bb\u00a0; \u00abLes enjeux de la COP22, CRP12 et CRA1 et le Programme des organes subsidiaires\u00bb\u00a0; \u00abLe\u00a0 financement au c\u0153ur de l\u2019agenda de Marrakech\u00a0: outils, d\u00e9fis et mobilisation\u00bb, ainsi que \u00abla Francophonie en Action pour l\u2019apr\u00e8s Marrakech\u00a0: D\u00e9fis et opportunit\u00e9s de la mise en \u0153uvre de l\u2019Accord de Paris\u00bb.<\/p>\n<p style=\"text-align: justify;\">Au cours de cet atelier, la position des PMA s\u2019affirme\u00a0: sans faire la course en t\u00eate, ils ne seront plus \u00e0 la traine.<\/p>\n<p style=\"text-align: justify;\">Les grandes lignes de cet atelier dans ce reportage\u2026<\/p>\n<p style=\"text-align: justify;\"><span style=\"color: #008000;\"><em><strong><a style=\"color: #008000;\" href=\"https:\/\/www.ecoconscience.net\/\" target=\"_blank\">ECO CONSCIENCE TV<\/a><\/strong><\/em><\/span><\/p>\n","protected":false},"excerpt":{"rendered":"<p>R\u00e9unis en atelier pr\u00e9paratoire \u00e0 quelques heures de l\u2019ouverture de la COP22, ce 5 novembre \u00e0 l\u2019h\u00f4tel Royal Mansour, \u00e0 Marrakech, les n\u00e9gociateurs et d\u00e9l\u00e9gu\u00e9s de l\u2019Afrique francophone ont pass\u00e9 en revue les diff\u00e9rents points principaux de la n\u00e9gociation inscrits \u00e0 l\u2019agenda de la COP22. Cet atelier, organis\u00e9 par l\u2019Institut de la Francophonie pour le [&hellip;]<\/p>\n","protected":false},"author":2,"featured_media":885,"comment_status":"open","ping_status":"open","sticky":false,"template":"","format":"video","meta":{"ec_post_video":""},"categories":[2],"tags":[317,315,347,11,302,349,351,350],"odd":[],"_links":{"self":[{"href":"https:\/\/www.ecoconscience.tv\/api\/wp\/v2\/posts\/6158"}],"collection":[{"href":"https:\/\/www.ecoconscience.tv\/api\/wp\/v2\/posts"}],"about":[{"href":"https:\/\/www.ecoconscience.tv\/api\/wp\/v2\/types\/post"}],"author":[{"embeddable":true,"href":"https:\/\/www.ecoconscience.tv\/api\/wp\/v2\/users\/2"}],"replies":[{"embeddable":true,"href":"https:\/\/www.ecoconscience.tv\/api\/wp\/v2\/comments?post=6158"}],"version-history":[{"count":0,"href":"https:\/\/www.ecoconscience.tv\/api\/wp\/v2\/posts\/6158\/revisions"}],"wp:featuredmedia":[{"embeddable":true,"href":"https:\/\/www.ecoconscience.tv\/api\/wp\/v2\/media\/885"}],"wp:attachment":[{"href":"https:\/\/www.ecoconscience.tv\/api\/wp\/v2\/media?parent=6158"}],"wp:term":[{"taxonomy":"category","embeddable":true,"href":"https:\/\/www.ecoconscience.tv\/api\/wp\/v2\/categories?post=6158"},{"taxonomy":"post_tag","embeddable":true,"href":"https:\/\/www.ecoconscience.tv\/api\/wp\/v2\/tags?post=6158"},{"taxonomy":"odd","embeddable":true,"href":"https:\/\/www.ecoconscience.tv\/api\/wp\/v2\/odd?post=6158"}],"curies":[{"name":"wp","href":"https:\/\/api.w.org\/{rel}","templated":true}]}}