{"id":6097,"date":"2018-07-04T12:48:07","date_gmt":"2018-07-04T12:48:07","guid":{"rendered":"https:\/\/www.ecoconscience.net\/?p=6097"},"modified":"2018-07-04T12:48:07","modified_gmt":"2018-07-04T12:48:07","slug":"dapaong-forte-implication-des-femmes-dans-lelaboration-du-pdc2","status":"publish","type":"post","link":"https:\/\/www.ecoconscience.tv\/dapaong-forte-implication-des-femmes-dans-lelaboration-du-pdc2\/","title":{"rendered":"Dapaong : Forte implication des femmes dans l\u2019\u00e9laboration du PDC2"},"content":{"rendered":"<p>La ville de Dapaong (620 Km au nord de Lom\u00e9) a connu les 28 et 29 juin 2018, une s\u00e9rie d\u2019activit\u00e9s (Panel, caravane et \u00e9mission radiophonique) sur l\u2019implication effective des femmes dans l\u2019\u00e9laboration de son Plan de D\u00e9veloppement Communal 2\u00e8me g\u00e9n\u00e9ration (PDC 2).<br \/>\nConstituant une franche importante des contribuables de cette ville, il n\u2019\u00e9tait pas question aux premiers responsables de la commune de d\u00e9finir les grandes lignes de ce nouveau projet programme sans elles, surtout que des domaines tels que, l\u2019\u00e9conomie, le social et la culture seront pris en compte dans le document.<br \/>\nPour ce faire, le panel sur la participation de la femme au processus de d\u00e9centralisation a permis aux organisateurs d\u2019outiller les participantes sur le cadre juridique du droit et de l\u2019importance d\u2019une implication des femmes aux prises de d\u00e9cisions dans le d\u00e9veloppement local ; leur contribution au processus d\u2019\u00e9laboration et de mise en \u0153uvre du PDC2. La caravane organis\u00e9e et qui a parcouru les art\u00e8res de la ville de Dapaong a inform\u00e9 le grand public sur la participation de la femme \u00e0 la gouvernance locale.<br \/>\n<figure id=\"attachment_6099\" aria-describedby=\"caption-attachment-6099\" style=\"width: 300px\" class=\"wp-caption alignleft\"><a href=\"https:\/\/www.ecoconscience.tv\/wp-content\/uploads\/2018\/07\/IMG-20180704-WA0018.jpg\"><img loading=\"lazy\" class=\"size-medium wp-image-6099\" src=\"https:\/\/www.ecoconscience.tv\/wp-content\/uploads\/2018\/07\/IMG-20180704-WA0018-300x169.jpg\" alt=\"\" width=\"300\" height=\"169\" srcset=\"https:\/\/www.ecoconscience.tv\/wp-content\/uploads\/2018\/07\/IMG-20180704-WA0018-300x169.jpg 300w, https:\/\/www.ecoconscience.tv\/wp-content\/uploads\/2018\/07\/IMG-20180704-WA0018-768x432.jpg 768w, https:\/\/www.ecoconscience.tv\/wp-content\/uploads\/2018\/07\/IMG-20180704-WA0018-1024x576.jpg 1024w, https:\/\/www.ecoconscience.tv\/wp-content\/uploads\/2018\/07\/IMG-20180704-WA0018-600x338.jpg 600w, https:\/\/www.ecoconscience.tv\/wp-content\/uploads\/2018\/07\/IMG-20180704-WA0018-253x142.jpg 253w, https:\/\/www.ecoconscience.tv\/wp-content\/uploads\/2018\/07\/IMG-20180704-WA0018.jpg 1032w\" sizes=\"(max-width: 300px) 100vw, 300px\" \/><\/a><figcaption id=\"caption-attachment-6099\" class=\"wp-caption-text\">\u00c9mission Radio<\/figcaption><\/figure><br \/>\nL\u2019\u00e9mission radiophonique quant \u00e0 elle, est revenue sur ce dernier th\u00e8me en prenant en compte l\u2019aspect \u2018\u2019d\u00e9fis \u00e0 relever\u2019\u2019 avec une audience \u00e9largie aux femmes et aux populations des villages environnants. Ces d\u00e9bats ont \u00e9t\u00e9 anim\u00e9s pour la grande partie par Amina TCHEDE-ISSA YAGNENAM et Confort KABISSA-LAMBONI, des femmes tr\u00e8s influentes du milieu issues des structures partenaires de la F\u00e9d\u00e9ration des Organisations de D\u00e9veloppement de la R\u00e9gion des Savanes (FODES), appuy\u00e9es par moment par des repr\u00e9sentants pr\u00e9fectoraux et communaux de la r\u00e9gion.<br \/>\nC\u2019est un premier pari gagn\u00e9 par les organisateurs dans le processus d\u2019\u00e9laboration du PDC2, puisque des pr\u00e9occupations et contributions recueillies des femmes sur le terrain, ils ont non seulement eu une id\u00e9e sur le poids socio-\u00e9conomique des femmes du milieu, mais aussi et surtout les avantages \u00e0 tirer de la participation de ces derni\u00e8res en faveur de ce pr\u00e9cieux document de d\u00e9veloppement local.<br \/>\nCet exercice faut-il le rappeler, s\u2019inscrit dans l\u2019engagement des collectivit\u00e9s territoriales (pr\u00e9fectures et communes) \u00e0 assurer la conception, la programmation et l\u2019ex\u00e9cution des actions de d\u00e9veloppement d\u2019int\u00e9r\u00eat local de leur ressort territorial selon l\u2019article 7 de la loi n\u00b02018-003 du 31 janvier 2018 dans le processus de planification de la d\u00e9centralisation en cours au Togo. Il est l\u2019un des volets essentiels du Programme D\u00e9centralisation et Gouvernance Locale ( ProDeGol) que finance la coop\u00e9ration allemande \u00e0 travers la GIZ<br \/>\nC.A<\/p>\n","protected":false},"excerpt":{"rendered":"<p>La ville de Dapaong (620 Km au nord de Lom\u00e9) a connu les 28 et 29 juin 2018, une s\u00e9rie d\u2019activit\u00e9s (Panel, caravane et \u00e9mission radiophonique) sur l\u2019implication effective des femmes dans l\u2019\u00e9laboration de son Plan de D\u00e9veloppement Communal 2\u00e8me g\u00e9n\u00e9ration (PDC 2). Constituant une franche importante des contribuables de cette ville, il n\u2019\u00e9tait pas [&hellip;]<\/p>\n","protected":false},"author":2,"featured_media":6098,"comment_status":"open","ping_status":"open","sticky":false,"template":"","format":"standard","meta":{"ec_post_video":""},"categories":[372],"tags":[],"odd":[587],"_links":{"self":[{"href":"https:\/\/www.ecoconscience.tv\/api\/wp\/v2\/posts\/6097"}],"collection":[{"href":"https:\/\/www.ecoconscience.tv\/api\/wp\/v2\/posts"}],"about":[{"href":"https:\/\/www.ecoconscience.tv\/api\/wp\/v2\/types\/post"}],"author":[{"embeddable":true,"href":"https:\/\/www.ecoconscience.tv\/api\/wp\/v2\/users\/2"}],"replies":[{"embeddable":true,"href":"https:\/\/www.ecoconscience.tv\/api\/wp\/v2\/comments?post=6097"}],"version-history":[{"count":0,"href":"https:\/\/www.ecoconscience.tv\/api\/wp\/v2\/posts\/6097\/revisions"}],"wp:featuredmedia":[{"embeddable":true,"href":"https:\/\/www.ecoconscience.tv\/api\/wp\/v2\/media\/6098"}],"wp:attachment":[{"href":"https:\/\/www.ecoconscience.tv\/api\/wp\/v2\/media?parent=6097"}],"wp:term":[{"taxonomy":"category","embeddable":true,"href":"https:\/\/www.ecoconscience.tv\/api\/wp\/v2\/categories?post=6097"},{"taxonomy":"post_tag","embeddable":true,"href":"https:\/\/www.ecoconscience.tv\/api\/wp\/v2\/tags?post=6097"},{"taxonomy":"odd","embeddable":true,"href":"https:\/\/www.ecoconscience.tv\/api\/wp\/v2\/odd?post=6097"}],"curies":[{"name":"wp","href":"https:\/\/api.w.org\/{rel}","templated":true}]}}