{"id":594,"date":"2016-04-14T05:17:14","date_gmt":"2016-04-14T04:17:14","guid":{"rendered":"https:\/\/www.ecoconscience.tv\/?p=594"},"modified":"2016-04-14T09:50:31","modified_gmt":"2016-04-14T08:50:31","slug":"594-2","status":"publish","type":"post","link":"https:\/\/www.ecoconscience.tv\/594-2\/","title":{"rendered":"Insalubrit\u00e9 de la plage de Lom\u00e9, une menace sur la sant\u00e9 publique"},"content":{"rendered":"<p style=\"text-align: justify;\">Insalubrit\u00e9 grandissante \u00e0 la plage de Lom\u00e9 : les conducteurs de Hollando l\u00e8ve le ton. Tout au long de la plage de Lom\u00e9, de l\u2019h\u00f4tel Ibis, en passant par Hollando du grand march\u00e9 jusqu&rsquo;\u00e0 l\u2019h\u00f4tel de la Paix, la situation devient s\u00e9rieusement inqui\u00e9tante et expose la population \u00e0 un r\u00e9el probl\u00e8me de sant\u00e9 publique. L\u2019insalubrit\u00e9 devient de plus en plus alarmante, accentu\u00e9e par les eaux us\u00e9es des caniveaux et des \u00e9gouts, drain\u00e9es \u00e0 ciel ouvert sur la plage de Lom\u00e9. Un ph\u00e9nom\u00e8ne insupportable contre lequel l&rsquo;Association des Conducteurs Routiers de Hollando (ACRH) l\u00e8ve le ton.<\/p>\n<p style=\"text-align: justify;\">Le 2 avril dernier, lors d&rsquo;une action de salubrit\u00e9, les responsables de l&rsquo;ACRH ont mobilis\u00e9 les membres de l\u2019association pour nettoyer et drainer ces eaux us\u00e9es stagnantes jusqu&rsquo;\u00e0 la mer &#8211; une mani\u00e8re pour eux d\u2019alerter la conscience citoyenne des autorit\u00e9s comp\u00e9tentes pr\u00e9sentes, face au probl\u00e8me qui met la sant\u00e9 des Togolais en danger. Votre chaine ECO CONSCIENCE TV vous livre en d\u00e9tail tous les faits dans ce reportage.<\/p>\n","protected":false},"excerpt":{"rendered":"<p>Insalubrit\u00e9 grandissante \u00e0 la plage de Lom\u00e9 : les conducteurs de Hollando l\u00e8ve le ton. Tout au long de la plage de Lom\u00e9, de l\u2019h\u00f4tel Ibis, en passant par Hollando du grand march\u00e9 jusqu&rsquo;\u00e0 l\u2019h\u00f4tel de la Paix, la situation devient s\u00e9rieusement inqui\u00e9tante et expose la population \u00e0 un r\u00e9el probl\u00e8me de sant\u00e9 publique. L\u2019insalubrit\u00e9 [&hellip;]<\/p>\n","protected":false},"author":2,"featured_media":595,"comment_status":"open","ping_status":"open","sticky":false,"template":"","format":"video","meta":{"ec_post_video":""},"categories":[372],"tags":[94,90,92,93,91,24],"odd":[],"_links":{"self":[{"href":"https:\/\/www.ecoconscience.tv\/api\/wp\/v2\/posts\/594"}],"collection":[{"href":"https:\/\/www.ecoconscience.tv\/api\/wp\/v2\/posts"}],"about":[{"href":"https:\/\/www.ecoconscience.tv\/api\/wp\/v2\/types\/post"}],"author":[{"embeddable":true,"href":"https:\/\/www.ecoconscience.tv\/api\/wp\/v2\/users\/2"}],"replies":[{"embeddable":true,"href":"https:\/\/www.ecoconscience.tv\/api\/wp\/v2\/comments?post=594"}],"version-history":[{"count":4,"href":"https:\/\/www.ecoconscience.tv\/api\/wp\/v2\/posts\/594\/revisions"}],"predecessor-version":[{"id":600,"href":"https:\/\/www.ecoconscience.tv\/api\/wp\/v2\/posts\/594\/revisions\/600"}],"wp:featuredmedia":[{"embeddable":true,"href":"https:\/\/www.ecoconscience.tv\/api\/wp\/v2\/media\/595"}],"wp:attachment":[{"href":"https:\/\/www.ecoconscience.tv\/api\/wp\/v2\/media?parent=594"}],"wp:term":[{"taxonomy":"category","embeddable":true,"href":"https:\/\/www.ecoconscience.tv\/api\/wp\/v2\/categories?post=594"},{"taxonomy":"post_tag","embeddable":true,"href":"https:\/\/www.ecoconscience.tv\/api\/wp\/v2\/tags?post=594"},{"taxonomy":"odd","embeddable":true,"href":"https:\/\/www.ecoconscience.tv\/api\/wp\/v2\/odd?post=594"}],"curies":[{"name":"wp","href":"https:\/\/api.w.org\/{rel}","templated":true}]}}