{"id":5877,"date":"2018-05-15T13:17:01","date_gmt":"2018-05-15T13:17:01","guid":{"rendered":"https:\/\/www.ecoconscience.net\/?p=5877"},"modified":"2018-05-15T13:17:01","modified_gmt":"2018-05-15T13:17:01","slug":"les-magistrats-et-le-cordon-douanier-de-la-zone-nord-togo-outilles-sur-la-dangerosite-des-pops","status":"publish","type":"post","link":"https:\/\/www.ecoconscience.tv\/les-magistrats-et-le-cordon-douanier-de-la-zone-nord-togo-outilles-sur-la-dangerosite-des-pops\/","title":{"rendered":"Les magistrats et le cordon douanier de la zone nord Togo outill\u00e9s sur la dangerosit\u00e9 des POPs"},"content":{"rendered":"<p><strong>Tout comme leurs coll\u00e8gues de la zone sud, soit des r\u00e9gions Maritime et des Plateaux le 11 mai dernier \u00e0 Lom\u00e9, les magistrats, auxiliaires de justice et les agents du cordon douanier des r\u00e9gions Centrale, de la Kara et des Savanes ont \u00e0 leur tour \u00e9t\u00e9 outill\u00e9s ce lundi 14 mai \u00e0 Kara (ville situ\u00e9e \u00e0 411 Km au nord de Lom\u00e9), sur la mise en oeuvre de la convention de Stockholm sur les Polluants Organiques Persistants (POPs) et des autres conventions sur les produits chimiques.<\/strong><br \/>\nLa d\u00e9l\u00e9gation conduite par N&rsquo;ladon NADJO, Coordonnateur National du Projet POPs a renforc\u00e9 la capacit\u00e9 des participants sur les normes juridiques applicables aux POPs et autres produits chimiques, l&rsquo;identification des choix les plus judicieux lorsqu&rsquo;ils seront confront\u00e9s \u00e0 des options divergentes d&rsquo;application des textes juridiques concernant les POPs et autres produits chimiques au moment de rendre les d\u00e9cisions de justice, ou d&rsquo;ex\u00e9cuter les op\u00e9rations de police judiciaire pour les douaniers. En clair, il est demand\u00e9 \u00e0 cette cat\u00e9gorie de personnes de jouer sa partition dans la lutte contre l&rsquo;importation et la commercialisation des POPs et autres produits chimiques au Togo dans l&rsquo;esprit de la convention de Stockholm et bien d&rsquo;autres conventions, vu que ces substances chimiques sont reconnues dangereuses sur la sant\u00e9 humaine et sur l&rsquo;environnement.<br \/>\nLes POPs sont en effet, des compos\u00e9s chimiques organochlor\u00e9s persistants et r\u00e9manents dans la nature, bio accumulatifs et toxiques pour les \u00eatres vivants. Ils sont souvent contenus dans des pesticides, des substances produites non intentionnellement par des activit\u00e9s humaines et celles issues de la fabrication et de l&rsquo;utilisation de produits chimiques. Comme cons\u00e9quences n\u00e9fastes directes sur l&rsquo;homme, les POPs sont \u00e0 l&rsquo;origine de plusieurs maladies notamment, les cancers, les malformations cong\u00e9nitales, l&rsquo;affaiblissement du syst\u00e8me immunitaire, la baisse du quotient intellectuel, les perturbations du syst\u00e8me endoctrin\u00e9, la st\u00e9rilit\u00e9 etc&#8230;<br \/>\nChris.A<\/p>\n","protected":false},"excerpt":{"rendered":"<p>Tout comme leurs coll\u00e8gues de la zone sud, soit des r\u00e9gions Maritime et des Plateaux le 11 mai dernier \u00e0 Lom\u00e9, les magistrats, auxiliaires de justice et les agents du cordon douanier des r\u00e9gions Centrale, de la Kara et des Savanes ont \u00e0 leur tour \u00e9t\u00e9 outill\u00e9s ce lundi 14 mai \u00e0 Kara (ville situ\u00e9e [&hellip;]<\/p>\n","protected":false},"author":2,"featured_media":5881,"comment_status":"open","ping_status":"open","sticky":false,"template":"","format":"standard","meta":{"ec_post_video":""},"categories":[372],"tags":[],"odd":[],"_links":{"self":[{"href":"https:\/\/www.ecoconscience.tv\/api\/wp\/v2\/posts\/5877"}],"collection":[{"href":"https:\/\/www.ecoconscience.tv\/api\/wp\/v2\/posts"}],"about":[{"href":"https:\/\/www.ecoconscience.tv\/api\/wp\/v2\/types\/post"}],"author":[{"embeddable":true,"href":"https:\/\/www.ecoconscience.tv\/api\/wp\/v2\/users\/2"}],"replies":[{"embeddable":true,"href":"https:\/\/www.ecoconscience.tv\/api\/wp\/v2\/comments?post=5877"}],"version-history":[{"count":0,"href":"https:\/\/www.ecoconscience.tv\/api\/wp\/v2\/posts\/5877\/revisions"}],"wp:featuredmedia":[{"embeddable":true,"href":"https:\/\/www.ecoconscience.tv\/api\/wp\/v2\/media\/5881"}],"wp:attachment":[{"href":"https:\/\/www.ecoconscience.tv\/api\/wp\/v2\/media?parent=5877"}],"wp:term":[{"taxonomy":"category","embeddable":true,"href":"https:\/\/www.ecoconscience.tv\/api\/wp\/v2\/categories?post=5877"},{"taxonomy":"post_tag","embeddable":true,"href":"https:\/\/www.ecoconscience.tv\/api\/wp\/v2\/tags?post=5877"},{"taxonomy":"odd","embeddable":true,"href":"https:\/\/www.ecoconscience.tv\/api\/wp\/v2\/odd?post=5877"}],"curies":[{"name":"wp","href":"https:\/\/api.w.org\/{rel}","templated":true}]}}