{"id":5692,"date":"2018-04-05T22:04:24","date_gmt":"2018-04-05T22:04:24","guid":{"rendered":"https:\/\/www.ecoconscience.tv\/?p=5692"},"modified":"2018-04-05T22:37:39","modified_gmt":"2018-04-05T22:37:39","slug":"les-directives-volontaires-de-la-fao-un-outil-efficace-pour-ameliorer-la-gouvernance-fonciere","status":"publish","type":"post","link":"https:\/\/www.ecoconscience.tv\/les-directives-volontaires-de-la-fao-un-outil-efficace-pour-ameliorer-la-gouvernance-fonciere\/","title":{"rendered":"Les Directives Volontaires de la FAO, un outil efficace pour am\u00e9liorer la gouvernance fonci\u00e8re"},"content":{"rendered":"<blockquote><p><strong>Avec l&rsquo;appui technique et financier de la FAO et la collaboration du gouvernement togolais, la branche togolaise de la Convergence Globale des Luttes pour la Terre et l&rsquo;Eau (CGLTE) organise ces 5 et 6 avril 2018, un atelier national d&rsquo;\u00e9changes sur la gouvernance fonci\u00e8re. La rencontre se veut un cadre o\u00f9 les acteurs impliqu\u00e9s dans ce secteur r\u00e9fl\u00e9chiront sur le processus d&rsquo;adoption du nouveau code foncier, le lancement d&rsquo;une dynamique de r\u00e9flexion autour du sujet en vue de d\u00e9gager une position commune des organisations de la soci\u00e9t\u00e9 civile et des acteurs cl\u00e9s. <\/strong><\/p><\/blockquote>\n<p>Il s&rsquo;agira aussi et surtout d&rsquo;amener la cinquantaine de participants \u00e0 s&rsquo;approprier les directives volontaires de la FAO en tant qu&rsquo;instrument pour am\u00e9liorer la gouvernance fonci\u00e8re.<br \/>\nCes directives en effet, ont pour objectif de promouvoir la gouvernance responsable des r\u00e9gimes fonciers applicables aux terres, aux p\u00eaches et aux for\u00eats, en prenant en compte tous les r\u00e9gimes fonciers : publics, priv\u00e9s, communautaires, autochtones, coutumiers et informels. C&rsquo;est un atelier qui enrichira de ses recommandations, le nouveau code foncier en \u00e9tude \u00e0 l&rsquo;Assembl\u00e9e Naitonale togolaise pour adoption.<\/p>\n<p>Plus de d\u00e9tails dans le reportage&#8230;<\/p>\n<p>Chris AGBEDINOU<\/p>\n","protected":false},"excerpt":{"rendered":"<p>Avec l&rsquo;appui technique et financier de la FAO et la collaboration du gouvernement togolais, la branche togolaise de la Convergence Globale des Luttes pour la Terre et l&rsquo;Eau (CGLTE) organise ces 5 et 6 avril 2018, un atelier national d&rsquo;\u00e9changes sur la gouvernance fonci\u00e8re. La rencontre se veut un cadre o\u00f9 les acteurs impliqu\u00e9s dans [&hellip;]<\/p>\n","protected":false},"author":2,"featured_media":5693,"comment_status":"open","ping_status":"open","sticky":false,"template":"","format":"standard","meta":{"ec_post_video":"https:\/\/m.youtube.com\/watch?v=DcFGNw369Kg"},"categories":[372,2],"tags":[1308,971,1306,15],"odd":[603],"_links":{"self":[{"href":"https:\/\/www.ecoconscience.tv\/api\/wp\/v2\/posts\/5692"}],"collection":[{"href":"https:\/\/www.ecoconscience.tv\/api\/wp\/v2\/posts"}],"about":[{"href":"https:\/\/www.ecoconscience.tv\/api\/wp\/v2\/types\/post"}],"author":[{"embeddable":true,"href":"https:\/\/www.ecoconscience.tv\/api\/wp\/v2\/users\/2"}],"replies":[{"embeddable":true,"href":"https:\/\/www.ecoconscience.tv\/api\/wp\/v2\/comments?post=5692"}],"version-history":[{"count":3,"href":"https:\/\/www.ecoconscience.tv\/api\/wp\/v2\/posts\/5692\/revisions"}],"predecessor-version":[{"id":5696,"href":"https:\/\/www.ecoconscience.tv\/api\/wp\/v2\/posts\/5692\/revisions\/5696"}],"wp:featuredmedia":[{"embeddable":true,"href":"https:\/\/www.ecoconscience.tv\/api\/wp\/v2\/media\/5693"}],"wp:attachment":[{"href":"https:\/\/www.ecoconscience.tv\/api\/wp\/v2\/media?parent=5692"}],"wp:term":[{"taxonomy":"category","embeddable":true,"href":"https:\/\/www.ecoconscience.tv\/api\/wp\/v2\/categories?post=5692"},{"taxonomy":"post_tag","embeddable":true,"href":"https:\/\/www.ecoconscience.tv\/api\/wp\/v2\/tags?post=5692"},{"taxonomy":"odd","embeddable":true,"href":"https:\/\/www.ecoconscience.tv\/api\/wp\/v2\/odd?post=5692"}],"curies":[{"name":"wp","href":"https:\/\/api.w.org\/{rel}","templated":true}]}}