{"id":5688,"date":"2018-04-04T22:42:06","date_gmt":"2018-04-04T22:42:06","guid":{"rendered":"https:\/\/www.ecoconscience.tv\/?p=5688"},"modified":"2018-04-04T22:42:06","modified_gmt":"2018-04-04T22:42:06","slug":"des-chefs-traditionnels-outilles-a-kpalime-sur-la-prevention-et-la-gestion-des-conflits","status":"publish","type":"post","link":"https:\/\/www.ecoconscience.tv\/des-chefs-traditionnels-outilles-a-kpalime-sur-la-prevention-et-la-gestion-des-conflits\/","title":{"rendered":"Des chefs traditionnels outill\u00e9s \u00e0 Kpalim\u00e9 sur la pr\u00e9vention et la gestion des conflits"},"content":{"rendered":"<blockquote><p><strong>Du 29 au 30 mars dernier s&rsquo;est tenu \u00e0 Kpalim\u00e9, une ville \u00e0 120 Km au Nord-ouest de Lom\u00e9, un atelier r\u00e9gional r\u00e9unissant au moins 17 chefs traditionnels des r\u00e9gions des plateaux, de la Maritime et de Lom\u00e9 Commune sous le th\u00e8me, \u00ab\u00a0coh\u00e9sion sociale et paix durable dans les communaut\u00e9s\u00a0\u00bb. Initiative de la Concertation Nationale de la Soci\u00e9t\u00e9 Civile du Togo (CNSC-Togo), l&rsquo;objectif g\u00e9n\u00e9ral de cette activit\u00e9 est de contribuer \u00e0 la pr\u00e9servation de la paix pour un meilleur vivre-ensemble avec l&rsquo;id\u00e9e d&rsquo;une meilleure participation citoyenne au processus de d\u00e9veloppement socio\u00e9conomique et politique du Togo.<\/strong><\/p><\/blockquote>\n<p>En choisissant les chefs traditionnels pour ce renforcement de capacit\u00e9s en effet, la CNSC-Togo veut trouver la solution \u00e0 un souci qui a perdur\u00e9 depuis l&rsquo;av\u00e8nement de la d\u00e9mocratie au Togo, celui de la non pr\u00e9paration des autorit\u00e9s traditionnelles \u00e0 r\u00e9gler les conflits en prenant en compte les principes d\u00e9mocratiques et juridiques. \u00c9tant plus proches des populations et surtout garants des us et coutumes, leur r\u00f4le s&rsquo;av\u00e8re pourtant important dans la vie communautaire, dans le sens de la pr\u00e9servation d&rsquo;un climat social apais\u00e9. Programme triennal qui a d\u00e9but\u00e9 l&rsquo;ann\u00e9e derni\u00e8re et consacr\u00e9 \u00e0 l&rsquo;analyse des conflits, sources et causes, l&rsquo;atelier de 2018 a mis l&rsquo;accent sur la strat\u00e9gie d&rsquo;\u00e9laboration d&rsquo;un contrat social.<br \/>\nPour y arriver, l&rsquo;approche participative a \u00e9t\u00e9 choisie comme m\u00e9thodologie et a permis aux participants d&rsquo;identifier les difficult\u00e9s qui surgissent dans l&rsquo;ex\u00e9cution de leurs activit\u00e9s et d&rsquo;y trouver ensemble des pistes de solutions.<\/p>\n<p>Elle a \u00e9galement \u00e9t\u00e9 un moment de collaboration fructueuse entre les chefs traditionnels ayant les m\u00eames pr\u00e9occupations, intervenant dans les m\u00eames localit\u00e9s et connaissant les m\u00eames difficult\u00e9s li\u00e9es \u00e0 la gestion de conflits. C&rsquo;est ainsi qu&rsquo;\u00e0 la fin des deux jours de formation et en signe de bonne assimilation des modules d\u00e9velopp\u00e9s, les participants ont pu \u00e9labor\u00e9 un contrat social d\u00e9nomm\u00e9, \u00ab\u00a0Contrat de Cohabitation Pacifique dans le Village de de Megbedzr\u00e9\u00a0\u00bb. Pour un litige foncier, les populations autochtones et allog\u00e8nes du village \u00ab\u00a0Megbedzr\u00e9\u00a0\u00bbont privil\u00e9gi\u00e9 le dialogue en allant \u00e0 des concessions, notamment l&rsquo;acceptation des communaut\u00e9s allog\u00e8nes d&rsquo;\u00eatre sur une terre \u00e9trang\u00e8re et de ne plus commettre d&rsquo;actes contraires \u00e0 la coh\u00e9sion sociale ; les autochtones de leur c\u00f4t\u00e9, ont d\u00e9cid\u00e9 de les laisser vivre sur leur propri\u00e9t\u00e9 fonci\u00e8re tout en leur garantissant une pleine int\u00e9gration dans le village. Aussi, ont elles mis en place un comit\u00e9 de veille pour le suivi des engagements pris ensemble et autre, demand\u00e9 l&rsquo;accompagnement de la CNSC-Togo et celui de son partenaire la Fondation Hanns Seidel dans ce processus de consolidation de la paix et donc du vivre-ensemble.<\/p>\n<p>Pour rappel, cet atelier de formation s&rsquo;inscrit dans le programme de formation politique et citoyenne continue de la CNSC-Togo, atelier qui devra se poursuivre dans les prochains jours \u00e0 Kara \u00e0 plus de 400 km au nord Lom\u00e9 avec vingt (20) chefs traditionnels des r\u00e9gions Centrale, de la Kara et des Savanes.<\/p>\n<p>Chris AGBEDINOU<\/p>\n","protected":false},"excerpt":{"rendered":"<p>Du 29 au 30 mars dernier s&rsquo;est tenu \u00e0 Kpalim\u00e9, une ville \u00e0 120 Km au Nord-ouest de Lom\u00e9, un atelier r\u00e9gional r\u00e9unissant au moins 17 chefs traditionnels des r\u00e9gions des plateaux, de la Maritime et de Lom\u00e9 Commune sous le th\u00e8me, \u00ab\u00a0coh\u00e9sion sociale et paix durable dans les communaut\u00e9s\u00a0\u00bb. Initiative de la Concertation Nationale [&hellip;]<\/p>\n","protected":false},"author":2,"featured_media":5689,"comment_status":"open","ping_status":"open","sticky":false,"template":"","format":"standard","meta":{"ec_post_video":""},"categories":[372],"tags":[],"odd":[613],"_links":{"self":[{"href":"https:\/\/www.ecoconscience.tv\/api\/wp\/v2\/posts\/5688"}],"collection":[{"href":"https:\/\/www.ecoconscience.tv\/api\/wp\/v2\/posts"}],"about":[{"href":"https:\/\/www.ecoconscience.tv\/api\/wp\/v2\/types\/post"}],"author":[{"embeddable":true,"href":"https:\/\/www.ecoconscience.tv\/api\/wp\/v2\/users\/2"}],"replies":[{"embeddable":true,"href":"https:\/\/www.ecoconscience.tv\/api\/wp\/v2\/comments?post=5688"}],"version-history":[{"count":1,"href":"https:\/\/www.ecoconscience.tv\/api\/wp\/v2\/posts\/5688\/revisions"}],"predecessor-version":[{"id":5691,"href":"https:\/\/www.ecoconscience.tv\/api\/wp\/v2\/posts\/5688\/revisions\/5691"}],"wp:featuredmedia":[{"embeddable":true,"href":"https:\/\/www.ecoconscience.tv\/api\/wp\/v2\/media\/5689"}],"wp:attachment":[{"href":"https:\/\/www.ecoconscience.tv\/api\/wp\/v2\/media?parent=5688"}],"wp:term":[{"taxonomy":"category","embeddable":true,"href":"https:\/\/www.ecoconscience.tv\/api\/wp\/v2\/categories?post=5688"},{"taxonomy":"post_tag","embeddable":true,"href":"https:\/\/www.ecoconscience.tv\/api\/wp\/v2\/tags?post=5688"},{"taxonomy":"odd","embeddable":true,"href":"https:\/\/www.ecoconscience.tv\/api\/wp\/v2\/odd?post=5688"}],"curies":[{"name":"wp","href":"https:\/\/api.w.org\/{rel}","templated":true}]}}