{"id":5642,"date":"2018-03-17T06:55:57","date_gmt":"2018-03-17T06:55:57","guid":{"rendered":"https:\/\/www.ecoconscience.tv\/?p=5642"},"modified":"2018-03-17T10:37:29","modified_gmt":"2018-03-17T10:37:29","slug":"apres-2-ans-10-mois-de-marche-du-danemark-au-togo-charlie-vient-porter-un-projet-deau-a-zogbekope","status":"publish","type":"post","link":"https:\/\/www.ecoconscience.tv\/apres-2-ans-10-mois-de-marche-du-danemark-au-togo-charlie-vient-porter-un-projet-deau-a-zogbekope\/","title":{"rendered":"Apr\u00e8s 2 ans 10 mois de marche du Danemark au Togo, Charlie vient porter un projet d&rsquo;eau \u00e0 Zogbekope"},"content":{"rendered":"<blockquote><p><strong>Il a pour nom Charlie Uldahl Christensen, fondateur de L&rsquo;ONG walking for water ou marcher pour l&rsquo;eau, une organisation Danoise \u00e0 but non lucratif qui combat la crise mondiale de l&rsquo;eau . Pour ce Danois de 29 ans, l&rsquo;acc\u00e8s \u00e0 une eau de qualit\u00e9 est un droit pour tous tel que L&rsquo;ODD 6 l&rsquo;indique. Ainsi, depuis le 18 mai 2015, il a quitt\u00e9 son pays le Danemark pour un long p\u00e8lerinage philanthropique \u00e0 pieds qui doit l&rsquo;amener \u00e0 traverser au total, une vingtaine de pays avant d&rsquo;atteindre la Tanzanie, son pays de destination en portant le projet d&rsquo;eau potable tout au long du trajet. C&rsquo;est ainsi qu&rsquo;apr\u00e8s 2 ans 10 mois de marche, il est actuellement au Togo. <\/strong><\/p><\/blockquote>\n<p>Avec l&rsquo;African Rural Water Pro, une entreprise sociale exer\u00e7ant les fonctions de bureau d&rsquo;\u00e9tudes dans les domaines de l&rsquo;eau, l&rsquo;assainissement, les BTP et le d\u00e9veloppement local, le choix a \u00e9t\u00e9 port\u00e9 sur le village de Zogbekope dans la Maritime pour lever des fonds en vue de soulager la population de cette communaut\u00e9 de sa peine quotidienne en mati\u00e8re d&rsquo;acc\u00e8s \u00e0 l&rsquo;eau potable . \u00c0 quelques jours de son d\u00e9part du Togo pour le B\u00e9nin, nous sommes all\u00e9s \u00e0 sa rencontre pour savoir davantage sur l&rsquo;origine de son projet, pourquoi le choix de l&rsquo;eau et aussi sur d&rsquo;autres param\u00e8tres qui entourent cette initiative qui interpelle plus d&rsquo;un dans la lutte de garantir de l&rsquo;eau saine et de qualit\u00e9 \u00e0 tous.<\/p>\n<p>Tout sur cet incroyable p\u00e8lerinage et sur le projet de Charlie dans cet entretien de la r\u00e9daction de Ecoconscience TV.<\/p>\n<p>La r\u00e9daction<\/p>\n","protected":false},"excerpt":{"rendered":"<p>Il a pour nom Charlie Uldahl Christensen, fondateur de L&rsquo;ONG walking for water ou marcher pour l&rsquo;eau, une organisation Danoise \u00e0 but non lucratif qui combat la crise mondiale de l&rsquo;eau . Pour ce Danois de 29 ans, l&rsquo;acc\u00e8s \u00e0 une eau de qualit\u00e9 est un droit pour tous tel que L&rsquo;ODD 6 l&rsquo;indique. Ainsi, [&hellip;]<\/p>\n","protected":false},"author":2,"featured_media":5644,"comment_status":"open","ping_status":"open","sticky":false,"template":"","format":"standard","meta":{"ec_post_video":"https:\/\/m.youtube.com\/watch?t=35s&v=R1joaspa0nE"},"categories":[372,3],"tags":[86,15],"odd":[591],"_links":{"self":[{"href":"https:\/\/www.ecoconscience.tv\/api\/wp\/v2\/posts\/5642"}],"collection":[{"href":"https:\/\/www.ecoconscience.tv\/api\/wp\/v2\/posts"}],"about":[{"href":"https:\/\/www.ecoconscience.tv\/api\/wp\/v2\/types\/post"}],"author":[{"embeddable":true,"href":"https:\/\/www.ecoconscience.tv\/api\/wp\/v2\/users\/2"}],"replies":[{"embeddable":true,"href":"https:\/\/www.ecoconscience.tv\/api\/wp\/v2\/comments?post=5642"}],"version-history":[{"count":5,"href":"https:\/\/www.ecoconscience.tv\/api\/wp\/v2\/posts\/5642\/revisions"}],"predecessor-version":[{"id":5649,"href":"https:\/\/www.ecoconscience.tv\/api\/wp\/v2\/posts\/5642\/revisions\/5649"}],"wp:featuredmedia":[{"embeddable":true,"href":"https:\/\/www.ecoconscience.tv\/api\/wp\/v2\/media\/5644"}],"wp:attachment":[{"href":"https:\/\/www.ecoconscience.tv\/api\/wp\/v2\/media?parent=5642"}],"wp:term":[{"taxonomy":"category","embeddable":true,"href":"https:\/\/www.ecoconscience.tv\/api\/wp\/v2\/categories?post=5642"},{"taxonomy":"post_tag","embeddable":true,"href":"https:\/\/www.ecoconscience.tv\/api\/wp\/v2\/tags?post=5642"},{"taxonomy":"odd","embeddable":true,"href":"https:\/\/www.ecoconscience.tv\/api\/wp\/v2\/odd?post=5642"}],"curies":[{"name":"wp","href":"https:\/\/api.w.org\/{rel}","templated":true}]}}