{"id":5593,"date":"2018-03-08T07:15:45","date_gmt":"2018-03-08T07:15:45","guid":{"rendered":"https:\/\/www.ecoconscience.tv\/?p=5593"},"modified":"2018-03-09T20:30:06","modified_gmt":"2018-03-09T20:30:06","slug":"droit-de-femme-a-terre-dit-charte-communautaire-de-fondation-konrad-adenauer","status":"publish","type":"post","link":"https:\/\/www.ecoconscience.tv\/droit-de-femme-a-terre-dit-charte-communautaire-de-fondation-konrad-adenauer\/","title":{"rendered":"Droit de la femme \u00e0 la terre: que dit la charte communautaire de la Fondation Konrad Adenauer ?"},"content":{"rendered":"<p>Elle a \u00e9t\u00e9 adopt\u00e9e et sign\u00e9e en f\u00e9vrier dernier \u00e0 Nots\u00e9, lors d&rsquo;un atelier qui a r\u00e9uni les chefs traditionnels et communautaires des zones maritime-est et de la r\u00e9gion de la kara, les zones de pilotage du projet EWOH 2, \u00ab Un monde sans faim- Droit de la femme \u00e0 la terre\u00bb de la Fondation Konrad Adenauer (FKA). Elle, c&rsquo;est bien \u00e9videmment le charte de cette fondation qui engage les chefs traditionnels de ces localit\u00e9s a entre autres garantir et promouvoir, le droit de la terre \u00e0 la femme.<\/p>\n<p>Pour en savoir davantage sur l&rsquo;objectif de ce projet, l&rsquo;importance de ladite charte et les perspectives pour son adoption au plan national, nous avons choisi de r\u00e9aliser en pr\u00e9lude \u00e0 la journ\u00e9e internationale de la femme c\u00e9l\u00e9br\u00e9e chaque 8 mars, un entretien avec M. Maurice GBLODZRO, le coordonnateur national de la FKA.<\/p>\n<p>Suivez plut\u00f4t&#8230;<\/p>\n<p>La r\u00e9daction<\/p>\n","protected":false},"excerpt":{"rendered":"<p>Elle a \u00e9t\u00e9 adopt\u00e9e et sign\u00e9e en f\u00e9vrier dernier \u00e0 Nots\u00e9, lors d&rsquo;un atelier qui a r\u00e9uni les chefs traditionnels et communautaires des zones maritime-est et de la r\u00e9gion de la kara, les zones de pilotage du projet EWOH 2, \u00ab Un monde sans faim- Droit de la femme \u00e0 la terre\u00bb de la Fondation [&hellip;]<\/p>\n","protected":false},"author":2,"featured_media":5594,"comment_status":"open","ping_status":"open","sticky":false,"template":"","format":"standard","meta":{"ec_post_video":"https:\/\/m.youtube.com\/watch?v=hIWhV9iDQic"},"categories":[372],"tags":[],"odd":[587],"_links":{"self":[{"href":"https:\/\/www.ecoconscience.tv\/api\/wp\/v2\/posts\/5593"}],"collection":[{"href":"https:\/\/www.ecoconscience.tv\/api\/wp\/v2\/posts"}],"about":[{"href":"https:\/\/www.ecoconscience.tv\/api\/wp\/v2\/types\/post"}],"author":[{"embeddable":true,"href":"https:\/\/www.ecoconscience.tv\/api\/wp\/v2\/users\/2"}],"replies":[{"embeddable":true,"href":"https:\/\/www.ecoconscience.tv\/api\/wp\/v2\/comments?post=5593"}],"version-history":[{"count":3,"href":"https:\/\/www.ecoconscience.tv\/api\/wp\/v2\/posts\/5593\/revisions"}],"predecessor-version":[{"id":5609,"href":"https:\/\/www.ecoconscience.tv\/api\/wp\/v2\/posts\/5593\/revisions\/5609"}],"wp:featuredmedia":[{"embeddable":true,"href":"https:\/\/www.ecoconscience.tv\/api\/wp\/v2\/media\/5594"}],"wp:attachment":[{"href":"https:\/\/www.ecoconscience.tv\/api\/wp\/v2\/media?parent=5593"}],"wp:term":[{"taxonomy":"category","embeddable":true,"href":"https:\/\/www.ecoconscience.tv\/api\/wp\/v2\/categories?post=5593"},{"taxonomy":"post_tag","embeddable":true,"href":"https:\/\/www.ecoconscience.tv\/api\/wp\/v2\/tags?post=5593"},{"taxonomy":"odd","embeddable":true,"href":"https:\/\/www.ecoconscience.tv\/api\/wp\/v2\/odd?post=5593"}],"curies":[{"name":"wp","href":"https:\/\/api.w.org\/{rel}","templated":true}]}}