{"id":5550,"date":"2018-03-01T22:42:11","date_gmt":"2018-03-01T22:42:11","guid":{"rendered":"https:\/\/www.ecoconscience.tv\/?p=5550"},"modified":"2018-03-03T09:21:45","modified_gmt":"2018-03-03T09:21:45","slug":"cat-togo-paix-a-travers-musique-traditionnelle","status":"publish","type":"post","link":"https:\/\/www.ecoconscience.tv\/cat-togo-paix-a-travers-musique-traditionnelle\/","title":{"rendered":"Le CAT Togo pour la paix \u00e0 travers la musique traditionnelle"},"content":{"rendered":"<blockquote><p><strong>Ils sont une dizaine d&rsquo;artistes de musique traditionnelle \u00e0 se regrouper au sein du Collectif des Artistes traditionnels du Togo (ACAT-Togo) pour apporter leur pierre \u00e0 la consolidation et au renforcement d&rsquo;un Togo uni et prosp\u00e8re, en paix dans une coh\u00e9sion sociale parfaite. Ils ont choisi de lancer leur tout premier projet intitul\u00e9 \u00ab\u00a0C\u00e9l\u00e9brons la paix et le Togo en marche\u00a0\u00bb ce 1er mars \u00e0 Lom\u00e9, ayant en vue, des caravanes et concerts 100% traditionnels \u00e0 travers le pays pour qu&rsquo;ensemble avec les populations, dire oui \u00e0 la paix, et non \u00e0 la vilonce sous toutes ses formes. <\/strong><\/p><\/blockquote>\n<p>Des chansons seront \u00e9crites dans plusieurs terroirs du pays afin que tout le monde puisse s&rsquo;impr\u00e9gner des messages \u00e0 v\u00e9hiculer, il en va de la r\u00e9ussite du projet.<\/p>\n<p>Suivez plut\u00f4t le reportage&#8230;<\/p>\n<p>Chris A.<\/p>\n","protected":false},"excerpt":{"rendered":"<p>Ils sont une dizaine d&rsquo;artistes de musique traditionnelle \u00e0 se regrouper au sein du Collectif des Artistes traditionnels du Togo (ACAT-Togo) pour apporter leur pierre \u00e0 la consolidation et au renforcement d&rsquo;un Togo uni et prosp\u00e8re, en paix dans une coh\u00e9sion sociale parfaite. Ils ont choisi de lancer leur tout premier projet intitul\u00e9 \u00ab\u00a0C\u00e9l\u00e9brons la [&hellip;]<\/p>\n","protected":false},"author":2,"featured_media":5556,"comment_status":"open","ping_status":"open","sticky":false,"template":"","format":"standard","meta":{"ec_post_video":"https:\/\/m.youtube.com\/watch?v=S2VmeB71G6k"},"categories":[2],"tags":[1268,16,768],"odd":[613],"_links":{"self":[{"href":"https:\/\/www.ecoconscience.tv\/api\/wp\/v2\/posts\/5550"}],"collection":[{"href":"https:\/\/www.ecoconscience.tv\/api\/wp\/v2\/posts"}],"about":[{"href":"https:\/\/www.ecoconscience.tv\/api\/wp\/v2\/types\/post"}],"author":[{"embeddable":true,"href":"https:\/\/www.ecoconscience.tv\/api\/wp\/v2\/users\/2"}],"replies":[{"embeddable":true,"href":"https:\/\/www.ecoconscience.tv\/api\/wp\/v2\/comments?post=5550"}],"version-history":[{"count":5,"href":"https:\/\/www.ecoconscience.tv\/api\/wp\/v2\/posts\/5550\/revisions"}],"predecessor-version":[{"id":5557,"href":"https:\/\/www.ecoconscience.tv\/api\/wp\/v2\/posts\/5550\/revisions\/5557"}],"wp:featuredmedia":[{"embeddable":true,"href":"https:\/\/www.ecoconscience.tv\/api\/wp\/v2\/media\/5556"}],"wp:attachment":[{"href":"https:\/\/www.ecoconscience.tv\/api\/wp\/v2\/media?parent=5550"}],"wp:term":[{"taxonomy":"category","embeddable":true,"href":"https:\/\/www.ecoconscience.tv\/api\/wp\/v2\/categories?post=5550"},{"taxonomy":"post_tag","embeddable":true,"href":"https:\/\/www.ecoconscience.tv\/api\/wp\/v2\/tags?post=5550"},{"taxonomy":"odd","embeddable":true,"href":"https:\/\/www.ecoconscience.tv\/api\/wp\/v2\/odd?post=5550"}],"curies":[{"name":"wp","href":"https:\/\/api.w.org\/{rel}","templated":true}]}}