{"id":5513,"date":"2018-02-24T16:55:13","date_gmt":"2018-02-24T16:55:13","guid":{"rendered":"https:\/\/www.ecoconscience.tv\/?p=5513"},"modified":"2018-02-24T17:52:35","modified_gmt":"2018-02-24T17:52:35","slug":"onu-environnement-lumiere-lien-entre-environnement-securite","status":"publish","type":"post","link":"https:\/\/www.ecoconscience.tv\/onu-environnement-lumiere-lien-entre-environnement-securite\/","title":{"rendered":"ONU Environnement : lumi\u00e8re sur le lien entre environnement et s\u00e9curit\u00e9"},"content":{"rendered":"<figure id=\"attachment_5515\" aria-describedby=\"caption-attachment-5515\" style=\"width: 300px\" class=\"wp-caption alignnone\"><a href=\"https:\/\/www.ecoconscience.tv\/wp-content\/uploads\/2018\/02\/Erik-and-Mahir-Munich.jpeg\"><img loading=\"lazy\" class=\"wp-image-5515 size-medium\" src=\"https:\/\/www.ecoconscience.tv\/wp-content\/uploads\/2018\/02\/Erik-and-Mahir-Munich-300x213.jpeg\" alt=\"\" width=\"300\" height=\"213\" srcset=\"https:\/\/www.ecoconscience.tv\/wp-content\/uploads\/2018\/02\/Erik-and-Mahir-Munich-300x213.jpeg 300w, https:\/\/www.ecoconscience.tv\/wp-content\/uploads\/2018\/02\/Erik-and-Mahir-Munich-768x546.jpeg 768w, https:\/\/www.ecoconscience.tv\/wp-content\/uploads\/2018\/02\/Erik-and-Mahir-Munich-600x426.jpeg 600w, https:\/\/www.ecoconscience.tv\/wp-content\/uploads\/2018\/02\/Erik-and-Mahir-Munich.jpeg 840w\" sizes=\"(max-width: 300px) 100vw, 300px\" \/><\/a><figcaption id=\"caption-attachment-5515\" class=\"wp-caption-text\"><em>2018-02-16 &#8211; Atmosphere at UNEP, Bayerischer Hof, Munich Security Conference 2018, Munich, Germany.<\/em><\/figcaption><\/figure>\n<p>Pour la toute premi\u00e8re fois, le r\u00f4le de l&rsquo;environnement pour garantir la s\u00e9curit\u00e9 a \u00e9t\u00e9 abord\u00e9 dans l&rsquo;un des plus importants forums de politique internationale au monde.<\/p>\n<p style=\"text-align: justify;\">La Conf\u00e9rence de Munich sur la s\u00e9curit\u00e9 a r\u00e9uni certains des responsables de gouvernements et repr\u00e9sentants des questions de\u00a0s\u00e9curit\u00e9 les plus \u00e9minents depuis sa cr\u00e9ation en 1963. Les moyens de lutter contre les conflits inter\u00e9tatiques, le terrorisme et les armes de destruction massive figurent parmi les sujets les plus discut\u00e9s.<\/p>\n<p style=\"text-align: justify;\">Lors de la conf\u00e9rence de cette ann\u00e9e, organis\u00e9e du 16 au 18 f\u00e9vrier, ONU Environnement a organis\u00e9 une table ronde intitul\u00e9e \u00ab Avant le d\u00e9luge : l&rsquo;environnement et la s\u00e9curit\u00e9 dans le monde moderne \u00bb. La s\u00e9ance a r\u00e9uni des repr\u00e9sentants de gouvernements, des parlementaires, des repr\u00e9sentants de la communaut\u00e9 militaire et du renseignement, du secteur priv\u00e9 et des m\u00e9dias afin d&rsquo;examiner dans quelle mesure les mesures environnementales peuvent apporter des solutions aux probl\u00e8mes de s\u00e9curit\u00e9.<\/p>\n<p>\u00ab\u00a0Les cons\u00e9quences\u00a0des conflits militaires sur l&rsquo;environnement sont plusieurs fois sup\u00e9rieures \u00e0 leur composante militaire\u00a0\u00bb, a soulign\u00e9 M. Solheim. La pr\u00e9sence de produits chimiques ou de raffinage du p\u00e9trole dans une zone de conflit, simplement endommag\u00e9e et non d\u00e9truite, peut provoquer une catastrophe \u00e9cologique dans les pays voisins, a-t-il ajout\u00e9.<\/p>\n<p style=\"text-align: justify;\">\u00ab\u00a0Diriger au moins une partie des d\u00e9penses militaires vers les besoins environnementaux pourrait radicalement changer la situation dans les pays engag\u00e9s dans des conflits militaires\u00a0\u00bb, a d\u00e9clar\u00e9 Erik Solheim, chef d&rsquo;ONU Environnement, lors de son discours d&rsquo;ouverture. Les d\u00e9penses environnementales renforceraient non seulement la confiance dans les pays touch\u00e9s par les conflits, mais fourniraient \u00e9galement \u00ab\u00a0un puissant \u00e9lan \u00e0 l&rsquo;\u00e9conomie tout en am\u00e9liorant la sant\u00e9 et la qualit\u00e9 de vie des gens, a-t-il d\u00e9clar\u00e9.\u00a0\u00bb<\/p>\n<p><strong>Source : ONU Environnement<\/strong><\/p>\n<p><em>En savoir plus sur le travail d&rsquo;ONU Environnement\u00a0sur les causes et les cons\u00e9quences environnementales\u00a0<a href=\"https:\/\/www.unenvironment.org\/explore-topics\/disasters-conflicts\">catastrophes et conflits<\/a>.<\/em><\/p>\n<p><em>Pour plus d&rsquo;informations, veuillez contacter\u00a0<a href=\"mailto:leila.urekenova@un.org\">leila.urekenova@un.org<\/a> ou<a href=\"mailto:mahir.aliyev@un.org\">mahir.aliyev@un.org<\/a><\/em><\/p>\n","protected":false},"excerpt":{"rendered":"<p>Pour la toute premi\u00e8re fois, le r\u00f4le de l&rsquo;environnement pour garantir la s\u00e9curit\u00e9 a \u00e9t\u00e9 abord\u00e9 dans l&rsquo;un des plus importants forums de politique internationale au monde. La Conf\u00e9rence de Munich sur la s\u00e9curit\u00e9 a r\u00e9uni certains des responsables de gouvernements et repr\u00e9sentants des questions de\u00a0s\u00e9curit\u00e9 les plus \u00e9minents depuis sa cr\u00e9ation en 1963. Les [&hellip;]<\/p>\n","protected":false},"author":2,"featured_media":5514,"comment_status":"open","ping_status":"open","sticky":false,"template":"","format":"standard","meta":{"ec_post_video":""},"categories":[372],"tags":[13,1248],"odd":[613],"_links":{"self":[{"href":"https:\/\/www.ecoconscience.tv\/api\/wp\/v2\/posts\/5513"}],"collection":[{"href":"https:\/\/www.ecoconscience.tv\/api\/wp\/v2\/posts"}],"about":[{"href":"https:\/\/www.ecoconscience.tv\/api\/wp\/v2\/types\/post"}],"author":[{"embeddable":true,"href":"https:\/\/www.ecoconscience.tv\/api\/wp\/v2\/users\/2"}],"replies":[{"embeddable":true,"href":"https:\/\/www.ecoconscience.tv\/api\/wp\/v2\/comments?post=5513"}],"version-history":[{"count":1,"href":"https:\/\/www.ecoconscience.tv\/api\/wp\/v2\/posts\/5513\/revisions"}],"predecessor-version":[{"id":5516,"href":"https:\/\/www.ecoconscience.tv\/api\/wp\/v2\/posts\/5513\/revisions\/5516"}],"wp:featuredmedia":[{"embeddable":true,"href":"https:\/\/www.ecoconscience.tv\/api\/wp\/v2\/media\/5514"}],"wp:attachment":[{"href":"https:\/\/www.ecoconscience.tv\/api\/wp\/v2\/media?parent=5513"}],"wp:term":[{"taxonomy":"category","embeddable":true,"href":"https:\/\/www.ecoconscience.tv\/api\/wp\/v2\/categories?post=5513"},{"taxonomy":"post_tag","embeddable":true,"href":"https:\/\/www.ecoconscience.tv\/api\/wp\/v2\/tags?post=5513"},{"taxonomy":"odd","embeddable":true,"href":"https:\/\/www.ecoconscience.tv\/api\/wp\/v2\/odd?post=5513"}],"curies":[{"name":"wp","href":"https:\/\/api.w.org\/{rel}","templated":true}]}}