{"id":5491,"date":"2018-02-19T19:35:37","date_gmt":"2018-02-19T19:35:37","guid":{"rendered":"https:\/\/www.ecoconscience.tv\/?p=5491"},"modified":"2018-02-19T19:40:28","modified_gmt":"2018-02-19T19:40:28","slug":"demarrage-27eme-dialogue-politique-10-jours-esperer-fumee-blanche","status":"publish","type":"post","link":"https:\/\/www.ecoconscience.tv\/demarrage-27eme-dialogue-politique-10-jours-esperer-fumee-blanche\/","title":{"rendered":"D\u00e9marrage du 27\u00e8me dialogue politique :10 jours pour esp\u00e9rer la fum\u00e9e blanche"},"content":{"rendered":"<blockquote><p><strong>L&rsquo;espoir de voir le Togo rena\u00eetre de ses cendres en tournant dos \u00e0 la crise sociopolitique qu&rsquo;il conna\u00eet depuis six (06) mois maintenant se profile d\u00e9sormais \u00e0 l&rsquo;horizon apr\u00e8s le d\u00e9marrage effectif ce lundi 19 f\u00e9vrier du dialogue inter-togolais. Sous l&rsquo;\u00e9gide du pr\u00e9sident ghan\u00e9en, Nana Akufo-Addo pour assurer la facilitation, les diff\u00e9rents acteurs de la crise togolaise ont le devoir de mettre au dessus des consid\u00e9rations personnelles et partisanes, l&rsquo;int\u00e9r\u00eat g\u00e9n\u00e9ral du peuple togolais. <\/strong><\/p><\/blockquote>\n<p>Sur ce point, le pr\u00e9sident ghan\u00e9en \u00e0 l&rsquo;ouverture des travaux a indiqu\u00e9 aux protagonistes l&rsquo;importance de trouver eux m\u00eames les solutions idoines et durables \u00e0 la crise. Le point 1 inscrit \u00e0 l&rsquo;ordre du jour du dialogue , notamment les mesures d&rsquo;apaisement fait objet de discussion pour cette premi\u00e8re journ\u00e9e des n\u00e9gociations qui devront durer 10 jours.<\/p>\n<p>Tout sur l&rsquo;ouverture du dialogue dans ce reportage&#8230;<\/p>\n<p>C. A<\/p>\n","protected":false},"excerpt":{"rendered":"<p>L&rsquo;espoir de voir le Togo rena\u00eetre de ses cendres en tournant dos \u00e0 la crise sociopolitique qu&rsquo;il conna\u00eet depuis six (06) mois maintenant se profile d\u00e9sormais \u00e0 l&rsquo;horizon apr\u00e8s le d\u00e9marrage effectif ce lundi 19 f\u00e9vrier du dialogue inter-togolais. Sous l&rsquo;\u00e9gide du pr\u00e9sident ghan\u00e9en, Nana Akufo-Addo pour assurer la facilitation, les diff\u00e9rents acteurs de la [&hellip;]<\/p>\n","protected":false},"author":2,"featured_media":5492,"comment_status":"open","ping_status":"open","sticky":false,"template":"","format":"standard","meta":{"ec_post_video":"https:\/\/m.youtube.com\/watch?v=4MTolE7GCMI"},"categories":[372,2],"tags":[1228,1234,944,15],"odd":[613],"_links":{"self":[{"href":"https:\/\/www.ecoconscience.tv\/api\/wp\/v2\/posts\/5491"}],"collection":[{"href":"https:\/\/www.ecoconscience.tv\/api\/wp\/v2\/posts"}],"about":[{"href":"https:\/\/www.ecoconscience.tv\/api\/wp\/v2\/types\/post"}],"author":[{"embeddable":true,"href":"https:\/\/www.ecoconscience.tv\/api\/wp\/v2\/users\/2"}],"replies":[{"embeddable":true,"href":"https:\/\/www.ecoconscience.tv\/api\/wp\/v2\/comments?post=5491"}],"version-history":[{"count":2,"href":"https:\/\/www.ecoconscience.tv\/api\/wp\/v2\/posts\/5491\/revisions"}],"predecessor-version":[{"id":5494,"href":"https:\/\/www.ecoconscience.tv\/api\/wp\/v2\/posts\/5491\/revisions\/5494"}],"wp:featuredmedia":[{"embeddable":true,"href":"https:\/\/www.ecoconscience.tv\/api\/wp\/v2\/media\/5492"}],"wp:attachment":[{"href":"https:\/\/www.ecoconscience.tv\/api\/wp\/v2\/media?parent=5491"}],"wp:term":[{"taxonomy":"category","embeddable":true,"href":"https:\/\/www.ecoconscience.tv\/api\/wp\/v2\/categories?post=5491"},{"taxonomy":"post_tag","embeddable":true,"href":"https:\/\/www.ecoconscience.tv\/api\/wp\/v2\/tags?post=5491"},{"taxonomy":"odd","embeddable":true,"href":"https:\/\/www.ecoconscience.tv\/api\/wp\/v2\/odd?post=5491"}],"curies":[{"name":"wp","href":"https:\/\/api.w.org\/{rel}","templated":true}]}}