{"id":5471,"date":"2018-02-13T01:58:06","date_gmt":"2018-02-13T01:58:06","guid":{"rendered":"https:\/\/www.ecoconscience.tv\/?p=5471"},"modified":"2018-02-13T02:53:33","modified_gmt":"2018-02-13T02:53:33","slug":"lancement-officiel-a-assahoun-de-campagne-de-vaccination-contre-rougeole-rubeole","status":"publish","type":"post","link":"https:\/\/www.ecoconscience.tv\/lancement-officiel-a-assahoun-de-campagne-de-vaccination-contre-rougeole-rubeole\/","title":{"rendered":"Lancement officiel \u00e0 Assahoun de la campagne de vaccination contre la rougeole et la rub\u00e9ole"},"content":{"rendered":"<blockquote><p><strong>Lancement ce 12 f\u00e9vrier 2018 \u00e0 Assahoun dans la pr\u00e9fecture d&rsquo;Av\u00e9, de la campagne nationale int\u00e9gr\u00e9e de vaccination contre la rougeole et la rub\u00e9ole, coupl\u00e9e de la suppl\u00e9mentation en vitamine A et de d\u00e9parasitage \u00e0 l&rsquo;albendazole.<\/strong><\/p><\/blockquote>\n<p>L&rsquo;op\u00e9ration concerne les enfants \u00e2g\u00e9s de 09 mois \u00e0 14 ans pour la vaccination contre la rougeole et la rub\u00e9ole, ceux de 06 mois \u00e0 5 ans pour la suppl\u00e9mentation en vitamine A et enfin, les 12 mois \u00e0 5 ans pour le d\u00e9parasitage \u00e0 l&rsquo;albendazole. M\u00eame si le taux des cas enregistr\u00e9s ces derni\u00e8res ann\u00e9es est en nette r\u00e9gression (276 cas de rub\u00e9ole contre 16 cas de rougeole en 2016), il convient de continuer la lutte afin de l&rsquo;\u00e9radication de ces deux maladies au Togo compte tenu de leurs cons\u00e9quences n\u00e9fastes sur la sant\u00e9 humaine.<\/p>\n<p>Le Togo se pr\u00e9pare d&rsquo;ailleurs \u00e0 introduire d\u00e8s le mois de mars prochain, le vaccin contre la rougeole et la rub\u00e9ole en deux deux doses ; la premi\u00e8re au 9\u00e8me mois et la seconde au 15\u00e8me dans le programme \u00e9largi de vaccination de routine. Un appel est lanc\u00e9 par le minist\u00e8re de la sant\u00e9 et ses partenaires techniques et financiers afin que l&rsquo;op\u00e9ration soit un succ\u00e8s sur toute l&rsquo;\u00e9tendue du territoire national.<\/p>\n<p>Plu de d\u00e9tails dans le reportage&#8230;<\/p>\n<p>Chris AGBEDINOU<\/p>\n","protected":false},"excerpt":{"rendered":"<p>Lancement ce 12 f\u00e9vrier 2018 \u00e0 Assahoun dans la pr\u00e9fecture d&rsquo;Av\u00e9, de la campagne nationale int\u00e9gr\u00e9e de vaccination contre la rougeole et la rub\u00e9ole, coupl\u00e9e de la suppl\u00e9mentation en vitamine A et de d\u00e9parasitage \u00e0 l&rsquo;albendazole. L&rsquo;op\u00e9ration concerne les enfants \u00e2g\u00e9s de 09 mois \u00e0 14 ans pour la vaccination contre la rougeole et la [&hellip;]<\/p>\n","protected":false},"author":2,"featured_media":5472,"comment_status":"open","ping_status":"open","sticky":false,"template":"","format":"standard","meta":{"ec_post_video":"https:\/\/m.youtube.com\/watch?v=Ate64W98g1E"},"categories":[372,2],"tags":[24],"odd":[581],"_links":{"self":[{"href":"https:\/\/www.ecoconscience.tv\/api\/wp\/v2\/posts\/5471"}],"collection":[{"href":"https:\/\/www.ecoconscience.tv\/api\/wp\/v2\/posts"}],"about":[{"href":"https:\/\/www.ecoconscience.tv\/api\/wp\/v2\/types\/post"}],"author":[{"embeddable":true,"href":"https:\/\/www.ecoconscience.tv\/api\/wp\/v2\/users\/2"}],"replies":[{"embeddable":true,"href":"https:\/\/www.ecoconscience.tv\/api\/wp\/v2\/comments?post=5471"}],"version-history":[{"count":3,"href":"https:\/\/www.ecoconscience.tv\/api\/wp\/v2\/posts\/5471\/revisions"}],"predecessor-version":[{"id":5474,"href":"https:\/\/www.ecoconscience.tv\/api\/wp\/v2\/posts\/5471\/revisions\/5474"}],"wp:featuredmedia":[{"embeddable":true,"href":"https:\/\/www.ecoconscience.tv\/api\/wp\/v2\/media\/5472"}],"wp:attachment":[{"href":"https:\/\/www.ecoconscience.tv\/api\/wp\/v2\/media?parent=5471"}],"wp:term":[{"taxonomy":"category","embeddable":true,"href":"https:\/\/www.ecoconscience.tv\/api\/wp\/v2\/categories?post=5471"},{"taxonomy":"post_tag","embeddable":true,"href":"https:\/\/www.ecoconscience.tv\/api\/wp\/v2\/tags?post=5471"},{"taxonomy":"odd","embeddable":true,"href":"https:\/\/www.ecoconscience.tv\/api\/wp\/v2\/odd?post=5471"}],"curies":[{"name":"wp","href":"https:\/\/api.w.org\/{rel}","templated":true}]}}