{"id":5372,"date":"2017-12-31T15:42:01","date_gmt":"2017-12-31T15:42:01","guid":{"rendered":"https:\/\/www.ecoconscience.tv\/?p=5372"},"modified":"2018-01-10T16:09:30","modified_gmt":"2018-01-10T16:09:30","slug":"defis-socio-economiques-canton-de-landa","status":"publish","type":"post","link":"https:\/\/www.ecoconscience.tv\/defis-socio-economiques-canton-de-landa\/","title":{"rendered":"Les defis socio-economiques du canton de Landa"},"content":{"rendered":"<p><em><strong>Du 26 au 28 d\u00e9cembre 2017 une mission conduite par le sp\u00e9cialiste du developpement durable, M.Guillaume Quelin a s\u00e9journ\u00e9 dans le canton de landa situ\u00e9 a 16 km de la ville de kara dans la pr\u00e9fecture de la kozah au nord du Togo. L&rsquo;objectif de cette mission est detuder les leviers de croissance \u00e9conomique de la population du canton d&rsquo;une superficie de 28, 2 km2, qui regroupe au total 6 villages avec 33 quartiers comptant environ entre 8 000 et 10 000 habitants.<\/strong><\/em><br \/>\n<em><strong> Cette mission est le compl\u00e9ment d&rsquo;une diagnostique d\u00e9j\u00e0 effectu\u00e9 sur les besoins sociaux du canton. Elle a \u00e9t\u00e9 rendue possible gr\u00e2ce a l&rsquo;association culturelle de landa (AC-Landa) fond\u00e9e par les jeunes cadres du milieu.<\/strong><\/em><\/p>\n<blockquote><p>\u00ab\u00a0<strong>Vous \u00eates venus pour sonder comme vous l&rsquo;avez dit, qu&rsquo;est qui est \u00e0 landa, qu&rsquo;est qu&rsquo;on peut faire pour que landa devienne un canton \u00e9panoui. Quand ici la base est humide, ceux qui sont \u00e0 l&rsquo;ext\u00e9rieur ont cette fra\u00eecheur. Je veux dire par l\u00e0 quand ma population mange a leur faim, elle va \u00e0 l&rsquo;h\u00f4pital, a les moyens de se soigner, et pour l&rsquo;\u00e9ducation tout le arrive \u00e0 supporter son enfant \u00e0 l&rsquo;\u00e9cole, payer l&rsquo;ecolage, les grands fr\u00e8res \u00e0 l&rsquo;ext\u00e9rieur ne seront pas quand ils vont revenir ici, plut\u00f4t ils y trouveront peut \u00eatre des atouts<\/strong>\u00ab\u00a0, a d\u00e9clar\u00e9 M.Wella H\u00e8you, Chef canton de Landa dans son mot de bienvenue \u00e0 la mission qui a eu l&rsquo;honneur egalement d&rsquo;\u00e9changer avec les autres chefs de villages.<\/p><\/blockquote>\n<p>La mission a men\u00e9 diverses visites sur le terrain.<\/p>\n","protected":false},"excerpt":{"rendered":"<p>Du 26 au 28 d\u00e9cembre 2017 une mission conduite par le sp\u00e9cialiste du developpement durable, M.Guillaume Quelin a s\u00e9journ\u00e9 dans le canton de landa situ\u00e9 a 16 km de la ville de kara dans la pr\u00e9fecture de la kozah au nord du Togo. L&rsquo;objectif de cette mission est detuder les leviers de croissance \u00e9conomique de [&hellip;]<\/p>\n","protected":false},"author":2,"featured_media":5375,"comment_status":"open","ping_status":"open","sticky":false,"template":"","format":"standard","meta":{"ec_post_video":""},"categories":[372],"tags":[1174,1188,1184,1176,1186,1178,122],"odd":[],"_links":{"self":[{"href":"https:\/\/www.ecoconscience.tv\/api\/wp\/v2\/posts\/5372"}],"collection":[{"href":"https:\/\/www.ecoconscience.tv\/api\/wp\/v2\/posts"}],"about":[{"href":"https:\/\/www.ecoconscience.tv\/api\/wp\/v2\/types\/post"}],"author":[{"embeddable":true,"href":"https:\/\/www.ecoconscience.tv\/api\/wp\/v2\/users\/2"}],"replies":[{"embeddable":true,"href":"https:\/\/www.ecoconscience.tv\/api\/wp\/v2\/comments?post=5372"}],"version-history":[{"count":3,"href":"https:\/\/www.ecoconscience.tv\/api\/wp\/v2\/posts\/5372\/revisions"}],"predecessor-version":[{"id":5377,"href":"https:\/\/www.ecoconscience.tv\/api\/wp\/v2\/posts\/5372\/revisions\/5377"}],"wp:featuredmedia":[{"embeddable":true,"href":"https:\/\/www.ecoconscience.tv\/api\/wp\/v2\/media\/5375"}],"wp:attachment":[{"href":"https:\/\/www.ecoconscience.tv\/api\/wp\/v2\/media?parent=5372"}],"wp:term":[{"taxonomy":"category","embeddable":true,"href":"https:\/\/www.ecoconscience.tv\/api\/wp\/v2\/categories?post=5372"},{"taxonomy":"post_tag","embeddable":true,"href":"https:\/\/www.ecoconscience.tv\/api\/wp\/v2\/tags?post=5372"},{"taxonomy":"odd","embeddable":true,"href":"https:\/\/www.ecoconscience.tv\/api\/wp\/v2\/odd?post=5372"}],"curies":[{"name":"wp","href":"https:\/\/api.w.org\/{rel}","templated":true}]}}