{"id":5344,"date":"2017-12-30T09:50:57","date_gmt":"2017-12-30T09:50:57","guid":{"rendered":"https:\/\/www.ecoconscience.tv\/?p=5344"},"modified":"2018-01-04T18:58:46","modified_gmt":"2018-01-04T18:58:46","slug":"civicbag-solution-durable-aux-sachets-plastiques-non-biodegradables","status":"publish","type":"post","link":"https:\/\/www.ecoconscience.tv\/civicbag-solution-durable-aux-sachets-plastiques-non-biodegradables\/","title":{"rendered":"CivicBag ou la solution durable aux sachets plastiques non biod\u00e9gradables"},"content":{"rendered":"<blockquote><p><strong>C&rsquo;est l&rsquo;une des plus grandes r\u00e9v\u00e9lations en cette ann\u00e9e 2017 qui tire \u00e0 sa fin. L&rsquo;initiative CivicBag ou le sac citoyen de Achille Am\u00e9t\u00e9pe NOUSSIA rentre progressivement dans l&rsquo;habitude des togolais.\u00a0Nous sommes all\u00e9s \u00e0 la rencontre du Manager General de CivcBag pour toucher du doigts ses merveilles , suivez le dossier en entier pour s&rsquo;en acqu\u00e9rir.<\/strong><\/p><\/blockquote>\n<p>Le produit est non seulement tr\u00e8s utile pour les courses en ville et l&#8217;emballage de divers objets, mais surtout s&rsquo;offre comme une solution viable et durable aux sachets plastiques non biod\u00e9gradables aux multiples cons\u00e9quences sur l&rsquo;environnement.<\/p>\n<p>En quelques mois, le civicbag a connu beaucoup d&rsquo;innovations, avec d\u00e9sormais des sacs personnalis\u00e9s \u00e0 la pr\u00e9f\u00e9rence des consommateurs.<\/p>\n<p>D\u00e9couvrons ensemble ce dossier&#8230;<\/p>\n<p>La r\u00e9daction<\/p>\n","protected":false},"excerpt":{"rendered":"<p>C&rsquo;est l&rsquo;une des plus grandes r\u00e9v\u00e9lations en cette ann\u00e9e 2017 qui tire \u00e0 sa fin. L&rsquo;initiative CivicBag ou le sac citoyen de Achille Am\u00e9t\u00e9pe NOUSSIA rentre progressivement dans l&rsquo;habitude des togolais.\u00a0Nous sommes all\u00e9s \u00e0 la rencontre du Manager General de CivcBag pour toucher du doigts ses merveilles , suivez le dossier en entier pour s&rsquo;en [&hellip;]<\/p>\n","protected":false},"author":2,"featured_media":5345,"comment_status":"open","ping_status":"open","sticky":false,"template":"","format":"standard","meta":{"ec_post_video":"https:\/\/m.youtube.com\/watch?v=Q6_ocN2swR0"},"categories":[2],"tags":[1172,13,1170,15],"odd":[609,611],"_links":{"self":[{"href":"https:\/\/www.ecoconscience.tv\/api\/wp\/v2\/posts\/5344"}],"collection":[{"href":"https:\/\/www.ecoconscience.tv\/api\/wp\/v2\/posts"}],"about":[{"href":"https:\/\/www.ecoconscience.tv\/api\/wp\/v2\/types\/post"}],"author":[{"embeddable":true,"href":"https:\/\/www.ecoconscience.tv\/api\/wp\/v2\/users\/2"}],"replies":[{"embeddable":true,"href":"https:\/\/www.ecoconscience.tv\/api\/wp\/v2\/comments?post=5344"}],"version-history":[{"count":2,"href":"https:\/\/www.ecoconscience.tv\/api\/wp\/v2\/posts\/5344\/revisions"}],"predecessor-version":[{"id":5347,"href":"https:\/\/www.ecoconscience.tv\/api\/wp\/v2\/posts\/5344\/revisions\/5347"}],"wp:featuredmedia":[{"embeddable":true,"href":"https:\/\/www.ecoconscience.tv\/api\/wp\/v2\/media\/5345"}],"wp:attachment":[{"href":"https:\/\/www.ecoconscience.tv\/api\/wp\/v2\/media?parent=5344"}],"wp:term":[{"taxonomy":"category","embeddable":true,"href":"https:\/\/www.ecoconscience.tv\/api\/wp\/v2\/categories?post=5344"},{"taxonomy":"post_tag","embeddable":true,"href":"https:\/\/www.ecoconscience.tv\/api\/wp\/v2\/tags?post=5344"},{"taxonomy":"odd","embeddable":true,"href":"https:\/\/www.ecoconscience.tv\/api\/wp\/v2\/odd?post=5344"}],"curies":[{"name":"wp","href":"https:\/\/api.w.org\/{rel}","templated":true}]}}