{"id":5279,"date":"2017-11-28T19:56:26","date_gmt":"2017-11-28T19:56:26","guid":{"rendered":"https:\/\/www.ecoconscience.tv\/?p=5279"},"modified":"2017-11-28T20:00:10","modified_gmt":"2017-11-28T20:00:10","slug":"simple-sac-de-bafana-rendre-propre-ville-de-lome","status":"publish","type":"post","link":"https:\/\/www.ecoconscience.tv\/simple-sac-de-bafana-rendre-propre-ville-de-lome\/","title":{"rendered":"Avec son simple sac de Bafana pour rendre propre la ville de Lom\u00e9"},"content":{"rendered":"<p>Il s&rsquo;appelle Kossi. Il est jeune sans emploi, mais il se bat et s&rsquo;est cr\u00e9\u00e9 un boulot de collecte de d\u00e9chets m\u00e9nagers. Avec son simple sac de bafana \u00e0 la main, il passe chaque jour pour ramasser les d\u00e9chets et les ordures de quartier en quartier, de maison en maison, dans les bars, les coins de restauration et en retour pour gagner quelques pi\u00e8ces afin de subvenir \u00e0 ses besoins de la journ\u00e9e.<\/p>\n<p>Un jeune, qui sans le savoir, par ce simple acte, contribue \u00e0 la salubrit\u00e9 de ces lieux. Comment devons-nous qualifier son acte? Est-ce un acte civique? Est-il un eco-citoyen? Ou d\u00e9j\u00e0 un entrepreneur \u00e9mergeant?<br \/>\nEcoConscienceTV t\u00e9moin de l&rsquo;acte de ce jeune homme vous en laisse juge.<\/p>\n","protected":false},"excerpt":{"rendered":"<p>Il s&rsquo;appelle Kossi. Il est jeune sans emploi, mais il se bat et s&rsquo;est cr\u00e9\u00e9 un boulot de collecte de d\u00e9chets m\u00e9nagers. Avec son simple sac de bafana \u00e0 la main, il passe chaque jour pour ramasser les d\u00e9chets et les ordures de quartier en quartier, de maison en maison, dans les bars, les coins [&hellip;]<\/p>\n","protected":false},"author":2,"featured_media":5280,"comment_status":"open","ping_status":"open","sticky":false,"template":"","format":"standard","meta":{"ec_post_video":"https:\/\/m.youtube.com\/watch?v=wFdpjt0wDcM"},"categories":[372],"tags":[1046,15],"odd":[],"_links":{"self":[{"href":"https:\/\/www.ecoconscience.tv\/api\/wp\/v2\/posts\/5279"}],"collection":[{"href":"https:\/\/www.ecoconscience.tv\/api\/wp\/v2\/posts"}],"about":[{"href":"https:\/\/www.ecoconscience.tv\/api\/wp\/v2\/types\/post"}],"author":[{"embeddable":true,"href":"https:\/\/www.ecoconscience.tv\/api\/wp\/v2\/users\/2"}],"replies":[{"embeddable":true,"href":"https:\/\/www.ecoconscience.tv\/api\/wp\/v2\/comments?post=5279"}],"version-history":[{"count":2,"href":"https:\/\/www.ecoconscience.tv\/api\/wp\/v2\/posts\/5279\/revisions"}],"predecessor-version":[{"id":5282,"href":"https:\/\/www.ecoconscience.tv\/api\/wp\/v2\/posts\/5279\/revisions\/5282"}],"wp:featuredmedia":[{"embeddable":true,"href":"https:\/\/www.ecoconscience.tv\/api\/wp\/v2\/media\/5280"}],"wp:attachment":[{"href":"https:\/\/www.ecoconscience.tv\/api\/wp\/v2\/media?parent=5279"}],"wp:term":[{"taxonomy":"category","embeddable":true,"href":"https:\/\/www.ecoconscience.tv\/api\/wp\/v2\/categories?post=5279"},{"taxonomy":"post_tag","embeddable":true,"href":"https:\/\/www.ecoconscience.tv\/api\/wp\/v2\/tags?post=5279"},{"taxonomy":"odd","embeddable":true,"href":"https:\/\/www.ecoconscience.tv\/api\/wp\/v2\/odd?post=5279"}],"curies":[{"name":"wp","href":"https:\/\/api.w.org\/{rel}","templated":true}]}}