{"id":5274,"date":"2017-11-28T12:29:08","date_gmt":"2017-11-28T12:29:08","guid":{"rendered":"https:\/\/www.ecoconscience.tv\/?p=5274"},"modified":"2017-11-28T12:30:45","modified_gmt":"2017-11-28T12:30:45","slug":"10eme-anniversaire-conapp-vingtaine-de-journalistes-session-de-perfectionnement","status":"publish","type":"post","link":"https:\/\/www.ecoconscience.tv\/10eme-anniversaire-conapp-vingtaine-de-journalistes-session-de-perfectionnement\/","title":{"rendered":"10\u00e8me anniversaire du CONAPP: une vingtaine de journalistes sont en session de perfectionnement"},"content":{"rendered":"<blockquote><p><strong>Ils ont pour r\u00f4le d&rsquo;informer, \u00e9duquer et de divertir, mais dans les r\u00e8gles d&rsquo;\u00e9thique et de d\u00e9ontologie qui gouvernent leur m\u00e9tier de journalisme. A cela, s&rsquo;ajoutent les fondamentaux de la profession que doit ma\u00eetriser tout journaliste qui se veut professionnel. C&rsquo;est dans ce contexte que s&rsquo;est ouverte depuis ce 27 novembre, une session de perfectionnement en journalisme en faveur d&rsquo;une vingtaine de journalistes togolais, d\u00e9butants ou confirm\u00e9s issus de la presse \u00e9crite, digitale et audiovisuelle. <\/strong><\/p><\/blockquote>\n<p>La formation s&rsquo;inscrit en r\u00e9alit\u00e9 dans les manifestations marquant le 10\u00e8me anniversaire du Conseil National des Patrons de Presse (CONAPP). Christian EBOULE, r\u00e9dacteur en chef de la cha\u00eene TV5 Monde est l&rsquo;expert convi\u00e9 pour entretenir les participants sur les diff\u00e9rentes th\u00e9matiques au programme de la formation.<\/p>\n<p>Suivre le reportage&#8230;<\/p>\n<p>Chris AGBEDINOU<\/p>\n","protected":false},"excerpt":{"rendered":"<p>Ils ont pour r\u00f4le d&rsquo;informer, \u00e9duquer et de divertir, mais dans les r\u00e8gles d&rsquo;\u00e9thique et de d\u00e9ontologie qui gouvernent leur m\u00e9tier de journalisme. A cela, s&rsquo;ajoutent les fondamentaux de la profession que doit ma\u00eetriser tout journaliste qui se veut professionnel. C&rsquo;est dans ce contexte que s&rsquo;est ouverte depuis ce 27 novembre, une session de perfectionnement [&hellip;]<\/p>\n","protected":false},"author":2,"featured_media":5276,"comment_status":"open","ping_status":"open","sticky":false,"template":"","format":"standard","meta":{"ec_post_video":"https:\/\/m.youtube.com\/watch?v=2KiGmts568o"},"categories":[2],"tags":[827,1140,1142,15],"odd":[613],"_links":{"self":[{"href":"https:\/\/www.ecoconscience.tv\/api\/wp\/v2\/posts\/5274"}],"collection":[{"href":"https:\/\/www.ecoconscience.tv\/api\/wp\/v2\/posts"}],"about":[{"href":"https:\/\/www.ecoconscience.tv\/api\/wp\/v2\/types\/post"}],"author":[{"embeddable":true,"href":"https:\/\/www.ecoconscience.tv\/api\/wp\/v2\/users\/2"}],"replies":[{"embeddable":true,"href":"https:\/\/www.ecoconscience.tv\/api\/wp\/v2\/comments?post=5274"}],"version-history":[{"count":2,"href":"https:\/\/www.ecoconscience.tv\/api\/wp\/v2\/posts\/5274\/revisions"}],"predecessor-version":[{"id":5278,"href":"https:\/\/www.ecoconscience.tv\/api\/wp\/v2\/posts\/5274\/revisions\/5278"}],"wp:featuredmedia":[{"embeddable":true,"href":"https:\/\/www.ecoconscience.tv\/api\/wp\/v2\/media\/5276"}],"wp:attachment":[{"href":"https:\/\/www.ecoconscience.tv\/api\/wp\/v2\/media?parent=5274"}],"wp:term":[{"taxonomy":"category","embeddable":true,"href":"https:\/\/www.ecoconscience.tv\/api\/wp\/v2\/categories?post=5274"},{"taxonomy":"post_tag","embeddable":true,"href":"https:\/\/www.ecoconscience.tv\/api\/wp\/v2\/tags?post=5274"},{"taxonomy":"odd","embeddable":true,"href":"https:\/\/www.ecoconscience.tv\/api\/wp\/v2\/odd?post=5274"}],"curies":[{"name":"wp","href":"https:\/\/api.w.org\/{rel}","templated":true}]}}