{"id":5269,"date":"2017-11-27T10:49:51","date_gmt":"2017-11-27T10:49:51","guid":{"rendered":"https:\/\/www.ecoconscience.tv\/?p=5269"},"modified":"2017-11-28T11:24:25","modified_gmt":"2017-11-28T11:24:25","slug":"ajef-togo-outille-jeunes-de-prefecture-de-vo-role-decentralisation","status":"publish","type":"post","link":"https:\/\/www.ecoconscience.tv\/ajef-togo-outille-jeunes-de-prefecture-de-vo-role-decentralisation\/","title":{"rendered":"AGEF TOGO outille les jeunes de la prefecture de Vo sur leur r\u00f4le dans la d\u00e9centralisation"},"content":{"rendered":"<p>\u00ab\u00a0La place des jeunes dans la d\u00e9centralisation et leur implication dans la r\u00e9alisation des 17 objectifs de d\u00e9veloppement durable\u00a0\u00bb est le th\u00e8me choisi pour la 4\u00e8me \u00e9dition du forum pr\u00e9fectoral des jeunes leaders sur le d\u00e9veloppement durable dans la pr\u00e9fecture de Vo. L&rsquo;\u00e9v\u00e9nement, c&rsquo;\u00e9tait du 24 au 26 novembre dernier \u00e0 Togoville, dans la pr\u00e9fecture de VO avec une soixantaine de participants venus des 10 cantine de la dite pr\u00e9fecture et pour une premi\u00e8re fois, d&rsquo;autres pr\u00e9fectures de la r\u00e9gion maritime.<\/p>\n<blockquote><p><strong> Ils ont \u00e9t\u00e9 outill\u00e9s sur plusieurs th\u00e9matiques, notamment le processus de d\u00e9centralisation en cours et ses implications , les ODD et les jeunes, le civisme ou encore l&rsquo;entrepreneuriat. Marraine de cette \u00e9dition, la directrice de EcoConscience TV, Rolande Aziaka avec l&rsquo;appui de la direction de la formation civique, a apport\u00e9 sa touche particuli\u00e8re lors des communications, en invitant les jeunes \u00e0 la discipline, \u00e0 la culture des valeurs citoyennes et \u00e0 effectivement contribuer \u00e0 la r\u00e9alisation des ODD, gage d&rsquo;un d\u00e9veloppement radieux de leur milieu. <\/strong><\/p><\/blockquote>\n<p>l&rsquo;initiative est de l&rsquo;Association G\u00e9n\u00e9ration Future du Togo, AJEF Togo, un regroupement de jeunes leaders \u0153uvrant dans la protection de l&rsquo;environnement et surtout \u00e0 l&rsquo;\u00e9radication de la pauvret\u00e9.<\/p>\n<p>Plus de d\u00e9tails dans le reportage&#8230;<\/p>\n<p>Chris AGBEDINOU<\/p>\n","protected":false},"excerpt":{"rendered":"<p>\u00ab\u00a0La place des jeunes dans la d\u00e9centralisation et leur implication dans la r\u00e9alisation des 17 objectifs de d\u00e9veloppement durable\u00a0\u00bb est le th\u00e8me choisi pour la 4\u00e8me \u00e9dition du forum pr\u00e9fectoral des jeunes leaders sur le d\u00e9veloppement durable dans la pr\u00e9fecture de Vo. L&rsquo;\u00e9v\u00e9nement, c&rsquo;\u00e9tait du 24 au 26 novembre dernier \u00e0 Togoville, dans la pr\u00e9fecture [&hellip;]<\/p>\n","protected":false},"author":2,"featured_media":5270,"comment_status":"open","ping_status":"open","sticky":false,"template":"","format":"standard","meta":{"ec_post_video":"https:\/\/m.youtube.com\/watch?v=_or_KgdoU2g"},"categories":[372],"tags":[1046,1130,117,1136,88,119,1132,1134],"odd":[],"_links":{"self":[{"href":"https:\/\/www.ecoconscience.tv\/api\/wp\/v2\/posts\/5269"}],"collection":[{"href":"https:\/\/www.ecoconscience.tv\/api\/wp\/v2\/posts"}],"about":[{"href":"https:\/\/www.ecoconscience.tv\/api\/wp\/v2\/types\/post"}],"author":[{"embeddable":true,"href":"https:\/\/www.ecoconscience.tv\/api\/wp\/v2\/users\/2"}],"replies":[{"embeddable":true,"href":"https:\/\/www.ecoconscience.tv\/api\/wp\/v2\/comments?post=5269"}],"version-history":[{"count":3,"href":"https:\/\/www.ecoconscience.tv\/api\/wp\/v2\/posts\/5269\/revisions"}],"predecessor-version":[{"id":5273,"href":"https:\/\/www.ecoconscience.tv\/api\/wp\/v2\/posts\/5269\/revisions\/5273"}],"wp:featuredmedia":[{"embeddable":true,"href":"https:\/\/www.ecoconscience.tv\/api\/wp\/v2\/media\/5270"}],"wp:attachment":[{"href":"https:\/\/www.ecoconscience.tv\/api\/wp\/v2\/media?parent=5269"}],"wp:term":[{"taxonomy":"category","embeddable":true,"href":"https:\/\/www.ecoconscience.tv\/api\/wp\/v2\/categories?post=5269"},{"taxonomy":"post_tag","embeddable":true,"href":"https:\/\/www.ecoconscience.tv\/api\/wp\/v2\/tags?post=5269"},{"taxonomy":"odd","embeddable":true,"href":"https:\/\/www.ecoconscience.tv\/api\/wp\/v2\/odd?post=5269"}],"curies":[{"name":"wp","href":"https:\/\/api.w.org\/{rel}","templated":true}]}}