{"id":5250,"date":"2017-11-23T22:12:40","date_gmt":"2017-11-23T22:12:40","guid":{"rendered":"https:\/\/www.ecoconscience.tv\/?p=5250"},"modified":"2017-11-23T22:12:40","modified_gmt":"2017-11-23T22:12:40","slug":"lacdief-cerdi-femmes-decideurs","status":"publish","type":"post","link":"https:\/\/www.ecoconscience.tv\/lacdief-cerdi-femmes-decideurs\/","title":{"rendered":"L&rsquo;ACDIEF et le CERDI pour des femmes d\u00e9cideurs"},"content":{"rendered":"<blockquote><p><strong>La n\u00e9cessit\u00e9 de nos jours que la jeune fille soit aussi dans les sph\u00e8res de prise de d\u00e9cision est au coeur d&rsquo;une conf\u00e9rence ce 23 novembre \u00e0 Lom\u00e9. Elle r\u00e9unit des jeunes dames universitaires et d&rsquo;organisations de la soci\u00e9t\u00e9 civile avec l&rsquo;objectif principal de les amener \u00e0 profiter de leurs potentialit\u00e9s actuelles pour marquer leur temps.<\/strong><\/p><\/blockquote>\n<p>Elles ont \u00e9t\u00e9 invit\u00e9es \u00e0 se fixer des objectifs pour parvenir \u00e0 des r\u00e9sultats de haut niveau qui seront non seulement \u00e0 leur profit, mais aussi au profit de la soci\u00e9t\u00e9 togolaise et mondiale. Faire d&rsquo;elles des futures femmes leaders et des d\u00e9cideurs est l&rsquo;autre id\u00e9e de cette initiative port\u00e9e par l&rsquo;Action Chr\u00e9tienne pour le D\u00e9veloppement Int\u00e9gral de l&rsquo;Enfance et de la Jeune Fille (ACDIEF), en collaboration avec le Centre d&rsquo;Etude et de Recherche pour le D\u00e9veloppement Int\u00e9gral (CERDI).<\/p>\n<p>Suivez le reportage&#8230;<\/p>\n<p>Chris AGBEDINOU<\/p>\n","protected":false},"excerpt":{"rendered":"<p>La n\u00e9cessit\u00e9 de nos jours que la jeune fille soit aussi dans les sph\u00e8res de prise de d\u00e9cision est au coeur d&rsquo;une conf\u00e9rence ce 23 novembre \u00e0 Lom\u00e9. Elle r\u00e9unit des jeunes dames universitaires et d&rsquo;organisations de la soci\u00e9t\u00e9 civile avec l&rsquo;objectif principal de les amener \u00e0 profiter de leurs potentialit\u00e9s actuelles pour marquer leur [&hellip;]<\/p>\n","protected":false},"author":2,"featured_media":5251,"comment_status":"open","ping_status":"open","sticky":false,"template":"","format":"standard","meta":{"ec_post_video":"https:\/\/m.youtube.com\/watch?v=ukMGnGhFEAU"},"categories":[2],"tags":[318,15],"odd":[587],"_links":{"self":[{"href":"https:\/\/www.ecoconscience.tv\/api\/wp\/v2\/posts\/5250"}],"collection":[{"href":"https:\/\/www.ecoconscience.tv\/api\/wp\/v2\/posts"}],"about":[{"href":"https:\/\/www.ecoconscience.tv\/api\/wp\/v2\/types\/post"}],"author":[{"embeddable":true,"href":"https:\/\/www.ecoconscience.tv\/api\/wp\/v2\/users\/2"}],"replies":[{"embeddable":true,"href":"https:\/\/www.ecoconscience.tv\/api\/wp\/v2\/comments?post=5250"}],"version-history":[{"count":1,"href":"https:\/\/www.ecoconscience.tv\/api\/wp\/v2\/posts\/5250\/revisions"}],"predecessor-version":[{"id":5252,"href":"https:\/\/www.ecoconscience.tv\/api\/wp\/v2\/posts\/5250\/revisions\/5252"}],"wp:featuredmedia":[{"embeddable":true,"href":"https:\/\/www.ecoconscience.tv\/api\/wp\/v2\/media\/5251"}],"wp:attachment":[{"href":"https:\/\/www.ecoconscience.tv\/api\/wp\/v2\/media?parent=5250"}],"wp:term":[{"taxonomy":"category","embeddable":true,"href":"https:\/\/www.ecoconscience.tv\/api\/wp\/v2\/categories?post=5250"},{"taxonomy":"post_tag","embeddable":true,"href":"https:\/\/www.ecoconscience.tv\/api\/wp\/v2\/tags?post=5250"},{"taxonomy":"odd","embeddable":true,"href":"https:\/\/www.ecoconscience.tv\/api\/wp\/v2\/odd?post=5250"}],"curies":[{"name":"wp","href":"https:\/\/api.w.org\/{rel}","templated":true}]}}