{"id":5214,"date":"2017-11-17T14:09:37","date_gmt":"2017-11-17T14:09:37","guid":{"rendered":"https:\/\/www.ecoconscience.tv\/?p=5214"},"modified":"2017-11-19T14:19:48","modified_gmt":"2017-11-19T14:19:48","slug":"cop23-segment-de-haut-niveau-message-togo","status":"publish","type":"post","link":"https:\/\/www.ecoconscience.tv\/cop23-segment-de-haut-niveau-message-togo\/","title":{"rendered":"COP23\/ Segment de haut niveau : Le message du Togo"},"content":{"rendered":"<p>Au segment de haut niveau de la COP23, le ministre de l&rsquo;environnement et des ressources foresti\u00e8res, Andr\u00e9 Johnson a d\u00e9riv\u00e9 le message national du Togo ce 16 novembre.<\/p>\n<p>Retrouvez l&rsquo;int\u00e9gralit\u00e9 de son discours :<\/p>\n<p>R\u00e9publique Togolaise<\/p>\n<p>23\u00e8me conf\u00e9rence des parties \u00e0 la convention-cadre des Nations Unies sur les changements climatiques<\/p>\n<p>SEGMENT DE HAUT NIVEAU_COP23<\/p>\n<p>Bonn, 16 novembre 2017<\/p>\n<p>&#8212;&#8212;&#8212;&#8212;&#8212;<\/p>\n<p>D\u00c9CLARATION DE SON EXCELLENCE,<br \/>\nAndr\u00e9 JOHNSON, MINISTRE DE L\u2019ENVIRONNEMENT ET DES RESSOURCES FORESTIERES<\/p>\n<p>Monsieur le Pr\u00e9sident de la 23\u00e8me conf\u00e9rence des parties,<\/p>\n<p>Madame la Secr\u00e9taire Ex\u00e9cutive de la Convention-cadre des<br \/>\nNations Unies sur les changements climatiques,<\/p>\n<p>Mesdames et Messieurs les Ministres,<\/p>\n<p>Distingu\u00e9s d\u00e9l\u00e9gu\u00e9s,<\/p>\n<p>Mesdames et Messieurs,<\/p>\n<p>Avant tout propos, je voudrais exprimer ma profonde gratitude au gouvernement et au peuple allemand pour l\u2019accueil chaleureux qui m&rsquo;a \u00e9t\u00e9 r\u00e9serv\u00e9 ainsi qu&rsquo;\u00e0 la d\u00e9l\u00e9gation qui m&rsquo;accompagne.<\/p>\n<p>Je tiens \u00e0 f\u00e9liciter tr\u00e8s vivement le gouvernement de Fiji pour la parfaite organisation de cette rencontre de haute importance pour l\u2019humanit\u00e9.<\/p>\n<p>Mesdames et Messieurs<\/p>\n<p>Comme vous le savez, l\u2019urgence des solutions \u00e0 apporter au probl\u00e8me des changements climatiques, exige aujourd\u2019hui que nous nous inscrivions dans la dynamique de l\u2019action, rien que de l\u2019action.<\/p>\n<p>C\u2019est pour cela que, au lendemain de l\u2019entr\u00e9e en vigueur de l\u2019Accord de Paris sur le climat, l\u2019\u00ab\u00a0Action en faveur du climat\u00a0\u00bb a \u00e9t\u00e9 solennellement proclam\u00e9e par l\u2019ensemble des Chefs d\u2019Etat et de gouvernement, lors de la 22\u00e8me Conf\u00e9rence des Parties, tenue \u00e0 Marrakech au Maroc.<\/p>\n<p>Le nombre de ratifications (170 Etats) enregistr\u00e9 aujourd\u2019hui par l\u2019Accord de Paris nous permet de soutenir, sans ambages, que tous les acteurs du processus multilat\u00e9ral de lutte contre les changements climatiques ont pris conscience de l\u2019urgence d\u2019agir collectivement pour faire face aux fl\u00e9aux engendr\u00e9s par ce ph\u00e9nom\u00e8ne.<\/p>\n<p>Toutefois, cet accord sur le climat ne restera que lettre morte si nous ne lui donnons pas ses lettres de noblesse, en mobilisant les moyens n\u00e9cessaires \u00e0 sa mise en \u0153uvre efficace.<\/p>\n<p>C\u2019est pour cela que mon pays, le Togo, s\u2019inscrit r\u00e9solument dans un multilat\u00e9ralisme actif guid\u00e9 par le principe de coop\u00e9ration et de solidarit\u00e9 internationale, fond\u00e9e prioritairement sur l\u2019action climatique.<\/p>\n<p>Cette solidarit\u00e9 devra se traduire par l\u2019octroi des moyens financiers et technologiques ad\u00e9quats aux pays les plus vuln\u00e9rables, afin de leur permettre d\u2019accro\u00eetre leur r\u00e9silience.<\/p>\n<p>Mesdames et Messieurs<\/p>\n<p>Comme l\u2019indique le r\u00e9cent rapport de l\u2019Organisation m\u00e9t\u00e9orologique mondiale (OMM), l\u2019ann\u00e9e 2017, marqu\u00e9e par des ph\u00e9nom\u00e8nes extr\u00eames, est en passe de battre le record des trois ann\u00e9es les plus chaudes, jamais constat\u00e9es.<\/p>\n<p>En effet, l\u2019ann\u00e9e 2017 a \u00e9t\u00e9 particuli\u00e8rement marqu\u00e9e par de nombreux ph\u00e9nom\u00e8nes extr\u00eames tels que les s\u00e9cheresses, les ouragans, des inondations et des vagues de chaleur tr\u00e8s n\u00e9fastes. L&rsquo;accroissement des concentrations de dioxyde de carbone, la hausse du niveau de la mer et l&rsquo;acidification des oc\u00e9ans, entre autres indicateurs des changements climatiques, se poursuivent sans rel\u00e2che.<\/p>\n<p>Si rien n\u2019est fait aujourd\u2019hui, les pays les moins avanc\u00e9s (PMA), qui sont les plus vuln\u00e9rables aux changements climatiques, feront de plus en plus face \u00e0 ces cas d\u2019extr\u00eame urgence qui n\u00e9cessiteront d\u2019importants moyens financiers et technologiques pour y faire face.<\/p>\n<p>Le r\u00e9chauffement climatique continuera toujours d\u2019entraver s\u00e9rieusement la croissance \u00e9conomique de nos pays et la lutte contre la pauvret\u00e9 de nos populations si nous n\u2019adoptons pas de nouvelles strat\u00e9gies et de nouveaux mod\u00e8les de d\u00e9veloppement \u00e0 faibles \u00e9missions de carbone et plus r\u00e9silient aux changements climatiques.<\/p>\n<p>C\u2019est pourquoi, il urge aujourd\u2019hui qu\u2019une solution appropri\u00e9e soit trouv\u00e9e au niveau international, national et local pour contenir ce ph\u00e9nom\u00e8ne\u00a0qui n\u2019\u00e9pargne aucune r\u00e9gion du monde.<\/p>\n<p>C\u2019est ce qui explique, \u00e0 ma connaissance, notre rencontre ici \u00e0 Bonn.<\/p>\n<p>Mesdames et Messieurs<\/p>\n<p>Il n\u2019est plus besoin de rappeler ici que l\u2019adaptation constitue un probl\u00e8me mondial et un \u00e9l\u00e9ment clef de la riposte mondiale \u00e0 long terme face aux changements climatiques.<\/p>\n<p>Ceci \u00e9tant, le Togo, comme c\u2019est le cas de la plupart des pays en d\u00e9veloppement, a d\u00e9j\u00e0 int\u00e9gr\u00e9 la question d\u2019adaptation dans son plan de d\u00e9veloppement, en \u00e9laborant un plan national d\u2019adaptation aux changements climatiques, ce qui n\u00e9cessite pour le pays un important moyen de mise en \u0153uvre.<\/p>\n<p>Pour le gouvernement togolais, il importe que les conclusions de Bonn soient orient\u00e9es vers la concr\u00e9tisation du soutien \u00e0 l\u2019action en faveur du climat, et que soient reconnus les efforts consentis par les pays les plus vuln\u00e9rables en mati\u00e8re de lutte contre les changements climatiques, en tenant pleinement compte de leurs besoins d\u2019adaptation.<\/p>\n<p>Nous devons r\u00e9solument nous engager en faveur de l\u2019action pour le climat et agir ensemble \u00e0 tous les niveaux pour relever les d\u00e9fis climatiques auxquels nous sommes confront\u00e9s.<\/p>\n<p>Pour cela, nous sommes heureux de constater que les propos de la plupart des participants tiennent \u00e0 une seule et m\u00eame pr\u00e9occupation majeure, \u00e0 savoir que la COP 23, sous la pr\u00e9sidence de Fiji, s\u2019inscrive r\u00e9solument dans la dynamique de l\u2019action que je r\u00e9sume en ces termes: \u00ab\u00a0Solidarit\u00e9-Coop\u00e9ration-Financements ad\u00e9quats et Actions climatiques\u00a0\u00bb.<\/p>\n<p>Je vous remercie.<\/p>\n","protected":false},"excerpt":{"rendered":"<p>Au segment de haut niveau de la COP23, le ministre de l&rsquo;environnement et des ressources foresti\u00e8res, Andr\u00e9 Johnson a d\u00e9riv\u00e9 le message national du Togo ce 16 novembre. Retrouvez l&rsquo;int\u00e9gralit\u00e9 de son discours : R\u00e9publique Togolaise 23\u00e8me conf\u00e9rence des parties \u00e0 la convention-cadre des Nations Unies sur les changements climatiques SEGMENT DE HAUT NIVEAU_COP23 Bonn, [&hellip;]<\/p>\n","protected":false},"author":2,"featured_media":5215,"comment_status":"open","ping_status":"open","sticky":false,"template":"","format":"standard","meta":{"ec_post_video":""},"categories":[372],"tags":[874,359,865,13,1106,15],"odd":[],"_links":{"self":[{"href":"https:\/\/www.ecoconscience.tv\/api\/wp\/v2\/posts\/5214"}],"collection":[{"href":"https:\/\/www.ecoconscience.tv\/api\/wp\/v2\/posts"}],"about":[{"href":"https:\/\/www.ecoconscience.tv\/api\/wp\/v2\/types\/post"}],"author":[{"embeddable":true,"href":"https:\/\/www.ecoconscience.tv\/api\/wp\/v2\/users\/2"}],"replies":[{"embeddable":true,"href":"https:\/\/www.ecoconscience.tv\/api\/wp\/v2\/comments?post=5214"}],"version-history":[{"count":1,"href":"https:\/\/www.ecoconscience.tv\/api\/wp\/v2\/posts\/5214\/revisions"}],"predecessor-version":[{"id":5216,"href":"https:\/\/www.ecoconscience.tv\/api\/wp\/v2\/posts\/5214\/revisions\/5216"}],"wp:featuredmedia":[{"embeddable":true,"href":"https:\/\/www.ecoconscience.tv\/api\/wp\/v2\/media\/5215"}],"wp:attachment":[{"href":"https:\/\/www.ecoconscience.tv\/api\/wp\/v2\/media?parent=5214"}],"wp:term":[{"taxonomy":"category","embeddable":true,"href":"https:\/\/www.ecoconscience.tv\/api\/wp\/v2\/categories?post=5214"},{"taxonomy":"post_tag","embeddable":true,"href":"https:\/\/www.ecoconscience.tv\/api\/wp\/v2\/tags?post=5214"},{"taxonomy":"odd","embeddable":true,"href":"https:\/\/www.ecoconscience.tv\/api\/wp\/v2\/odd?post=5214"}],"curies":[{"name":"wp","href":"https:\/\/api.w.org\/{rel}","templated":true}]}}