{"id":5183,"date":"2017-11-11T20:58:38","date_gmt":"2017-11-11T20:58:38","guid":{"rendered":"https:\/\/www.ecoconscience.tv\/?p=5183"},"modified":"2017-11-11T20:58:38","modified_gmt":"2017-11-11T20:58:38","slug":"cop23-seance-de-travail-de-delegation-togolaise-fem-discuter-financements-projets-cours","status":"publish","type":"post","link":"https:\/\/www.ecoconscience.tv\/cop23-seance-de-travail-de-delegation-togolaise-fem-discuter-financements-projets-cours\/","title":{"rendered":"COP23 \/ S\u00e9ance de travail de la d\u00e9l\u00e9gation togolaise avec le FEM pour discuter des financements des projets en cours"},"content":{"rendered":"<blockquote>\n<p style=\"text-align: justify;\"><strong>Une \u00e9quipe de la d\u00e9l\u00e9gation togolaise, pr\u00e9sente \u00e0 la 23<sup>\u00e8me<\/sup>conf\u00e9rence des Nations Unies sur les Changements climatiques COP23 \u00e0 Bonn, sur la terre allemande, a rencontr\u00e9 les responsables du Fonds Mondial pour l\u2019Environnement (FEM) pour suivre les projets du Togo en instance de financement aupr\u00e8s de FEM.<\/strong><\/p>\n<\/blockquote>\n<p style=\"text-align: justify;\">Les discutions ont port\u00e9 essentiellement sur l\u2019\u00e9volution de la situation du projet de \u00ab\u00a0renforcement de la r\u00e9silience des communaut\u00e9s vuln\u00e9rables du littoral face aux changements climatiques\u00a0\u00bb pour un montant de\u00a0 10 millions de Dollars. Un projet d\u00e9j\u00e0 accept\u00e9 par le FEM en mai 2016 mais qui n\u2019a pas encore eu r\u00e9ellement l\u2019accord de financement.<\/p>\n<p style=\"text-align: justify;\">La s\u00e9ance de travail a \u00e9t\u00e9 pr\u00e9sid\u00e9e par M. Sama Boundjouw, secr\u00e9taire g\u00e9n\u00e9ral du Minist\u00e8re de l\u2019Environnement et des Ressources Foresti\u00e8res en pr\u00e9sence du directeur de l\u2019environnement, du point focal FEM, du Charg\u00e9 de programme de la FAO et d\u2019autres cadres du minist\u00e8re. Elle a permis de faire le point\u00a0: le FEM a fait savoir que sur le fonds PMA, il y a environ 24 projets en attente pour un montant global de 170 millions de dollars et le projet du Togo est \u00e0 la position 6. Bonne nouvelle pour le Togo, le FEM a affirm\u00e9 que l\u2019Allemagne prend l\u2019engagement de donner 50 millions de dollars pour le FEM, ce qui permettra de couvrir plus que 5 projets, donc le Togo \u00a0pourra \u00eatre financ\u00e9. Pour l\u2019heur, la date de mise \u00e0 disponibilit\u00e9 de ce fond est inconnue, mais le Togo esp\u00e8re que d\u2019ici 2018 ce fond sera lib\u00e9r\u00e9 pour mettre en \u0153uvre le dit projet.<\/p>\n<p style=\"text-align: justify;\">Rappelons que le projet du Togo portant sur la zone du littorale vise \u00e0 renforcer les capacit\u00e9s des populations pour faire face aux changements climatiques dans le domaine de l\u2019agriculture, la gestion des ressources foresti\u00e8res, et des questions de la p\u00eache.<\/p>\n<p style=\"text-align: justify;\"><strong>R.A<\/strong><\/p>\n<p>&nbsp;<\/p>\n<p>&nbsp;<\/p>\n","protected":false},"excerpt":{"rendered":"<p>Une \u00e9quipe de la d\u00e9l\u00e9gation togolaise, pr\u00e9sente \u00e0 la 23\u00e8meconf\u00e9rence des Nations Unies sur les Changements climatiques COP23 \u00e0 Bonn, sur la terre allemande, a rencontr\u00e9 les responsables du Fonds Mondial pour l\u2019Environnement (FEM) pour suivre les projets du Togo en instance de financement aupr\u00e8s de FEM. Les discutions ont port\u00e9 essentiellement sur l\u2019\u00e9volution de [&hellip;]<\/p>\n","protected":false},"author":2,"featured_media":5184,"comment_status":"open","ping_status":"open","sticky":false,"template":"","format":"standard","meta":{"ec_post_video":""},"categories":[372],"tags":[904,11,865,13,1098,15],"odd":[],"_links":{"self":[{"href":"https:\/\/www.ecoconscience.tv\/api\/wp\/v2\/posts\/5183"}],"collection":[{"href":"https:\/\/www.ecoconscience.tv\/api\/wp\/v2\/posts"}],"about":[{"href":"https:\/\/www.ecoconscience.tv\/api\/wp\/v2\/types\/post"}],"author":[{"embeddable":true,"href":"https:\/\/www.ecoconscience.tv\/api\/wp\/v2\/users\/2"}],"replies":[{"embeddable":true,"href":"https:\/\/www.ecoconscience.tv\/api\/wp\/v2\/comments?post=5183"}],"version-history":[{"count":1,"href":"https:\/\/www.ecoconscience.tv\/api\/wp\/v2\/posts\/5183\/revisions"}],"predecessor-version":[{"id":5185,"href":"https:\/\/www.ecoconscience.tv\/api\/wp\/v2\/posts\/5183\/revisions\/5185"}],"wp:featuredmedia":[{"embeddable":true,"href":"https:\/\/www.ecoconscience.tv\/api\/wp\/v2\/media\/5184"}],"wp:attachment":[{"href":"https:\/\/www.ecoconscience.tv\/api\/wp\/v2\/media?parent=5183"}],"wp:term":[{"taxonomy":"category","embeddable":true,"href":"https:\/\/www.ecoconscience.tv\/api\/wp\/v2\/categories?post=5183"},{"taxonomy":"post_tag","embeddable":true,"href":"https:\/\/www.ecoconscience.tv\/api\/wp\/v2\/tags?post=5183"},{"taxonomy":"odd","embeddable":true,"href":"https:\/\/www.ecoconscience.tv\/api\/wp\/v2\/odd?post=5183"}],"curies":[{"name":"wp","href":"https:\/\/api.w.org\/{rel}","templated":true}]}}