{"id":5058,"date":"2017-11-04T06:48:15","date_gmt":"2017-11-04T06:48:15","guid":{"rendered":"https:\/\/www.ecoconscience.tv\/?p=5058"},"modified":"2018-01-13T10:44:38","modified_gmt":"2018-01-13T10:44:38","slug":"qedd-2017-bilan-positif-dresse-m-koffi-adadji-directeur-de-lange","status":"publish","type":"post","link":"https:\/\/www.ecoconscience.tv\/qedd-2017-bilan-positif-dresse-m-koffi-adadji-directeur-de-lange\/","title":{"rendered":"QEDD 2017: Un bilan Positif dress\u00e9 par M.Koffi ADADJI, Directeur de l&rsquo;ANGE"},"content":{"rendered":"<p>La 2\u00e8me \u00e9dition de la Quinzaine de l&rsquo;Environnement et du D\u00e9veloppement Durable (QEDD) , est rentr\u00e9e dans l&rsquo;histoire depuis le 30 Octobre dernier. Autour du th\u00e8me \u00ab\u00a0le r\u00f4le des collectivit\u00e9s d\u00e9centralis\u00e9es et des communaut\u00e9s \u00e0 la base dans la gestion de l&rsquo;environnement\u00a0\u00bb, plusieurs activit\u00e9s, notamment les s\u00e9ances de sensibilisation pour la protection de l&rsquo;environnement, des \u00e9missions-d\u00e9bats, l&rsquo;organisation d&rsquo;un concours scientifique ont meubl\u00e9 l&rsquo;\u00e9v\u00e9nement.<\/p>\n<blockquote><p><strong>Re\u00e7u dans l&rsquo;\u00e9mission \u00c9cologie et Conscience sur votre cha\u00eene, le Directeur de l&rsquo;Agence Nationale de Gestion de l&rsquo;Environnement (ANGE), M Koffi Effanam ADADJI dresse un bilan positif au vu des r\u00e9sultats obtenus sur le terrain et projette d\u00e9j\u00e0 l&rsquo;initiative dans le futur pour d&rsquo;autres innovations.<\/strong><\/p><\/blockquote>\n<p>Suivez plut\u00f4t&#8230;<\/p>\n<p><em>Rolande AZIAKA<\/em>.<\/p>\n","protected":false},"excerpt":{"rendered":"<p>La 2\u00e8me \u00e9dition de la Quinzaine de l&rsquo;Environnement et du D\u00e9veloppement Durable (QEDD) , est rentr\u00e9e dans l&rsquo;histoire depuis le 30 Octobre dernier. Autour du th\u00e8me \u00ab\u00a0le r\u00f4le des collectivit\u00e9s d\u00e9centralis\u00e9es et des communaut\u00e9s \u00e0 la base dans la gestion de l&rsquo;environnement\u00a0\u00bb, plusieurs activit\u00e9s, notamment les s\u00e9ances de sensibilisation pour la protection de l&rsquo;environnement, des [&hellip;]<\/p>\n","protected":false},"author":2,"featured_media":5059,"comment_status":"open","ping_status":"open","sticky":false,"template":"","format":"standard","meta":{"ec_post_video":"https:\/\/m.youtube.com\/watch?v=BDTKlLnfXzo"},"categories":[1190],"tags":[772,1040,13,1080,1056,15],"odd":[607,609,611],"_links":{"self":[{"href":"https:\/\/www.ecoconscience.tv\/api\/wp\/v2\/posts\/5058"}],"collection":[{"href":"https:\/\/www.ecoconscience.tv\/api\/wp\/v2\/posts"}],"about":[{"href":"https:\/\/www.ecoconscience.tv\/api\/wp\/v2\/types\/post"}],"author":[{"embeddable":true,"href":"https:\/\/www.ecoconscience.tv\/api\/wp\/v2\/users\/2"}],"replies":[{"embeddable":true,"href":"https:\/\/www.ecoconscience.tv\/api\/wp\/v2\/comments?post=5058"}],"version-history":[{"count":3,"href":"https:\/\/www.ecoconscience.tv\/api\/wp\/v2\/posts\/5058\/revisions"}],"predecessor-version":[{"id":5062,"href":"https:\/\/www.ecoconscience.tv\/api\/wp\/v2\/posts\/5058\/revisions\/5062"}],"wp:featuredmedia":[{"embeddable":true,"href":"https:\/\/www.ecoconscience.tv\/api\/wp\/v2\/media\/5059"}],"wp:attachment":[{"href":"https:\/\/www.ecoconscience.tv\/api\/wp\/v2\/media?parent=5058"}],"wp:term":[{"taxonomy":"category","embeddable":true,"href":"https:\/\/www.ecoconscience.tv\/api\/wp\/v2\/categories?post=5058"},{"taxonomy":"post_tag","embeddable":true,"href":"https:\/\/www.ecoconscience.tv\/api\/wp\/v2\/tags?post=5058"},{"taxonomy":"odd","embeddable":true,"href":"https:\/\/www.ecoconscience.tv\/api\/wp\/v2\/odd?post=5058"}],"curies":[{"name":"wp","href":"https:\/\/api.w.org\/{rel}","templated":true}]}}