{"id":5049,"date":"2017-10-31T22:46:26","date_gmt":"2017-10-31T22:46:26","guid":{"rendered":"https:\/\/www.ecoconscience.tv\/?p=5049"},"modified":"2017-10-31T22:56:35","modified_gmt":"2017-10-31T22:56:35","slug":"caches-nez-aux-maraichers-de-baguida-se-proteger-contre-produits-phytosanitaires","status":"publish","type":"post","link":"https:\/\/www.ecoconscience.tv\/caches-nez-aux-maraichers-de-baguida-se-proteger-contre-produits-phytosanitaires\/","title":{"rendered":"Des caches-nez aux mara\u00eechers de Baguida pour se prot\u00e9ger contre les produits phytosanitaires"},"content":{"rendered":"<blockquote><p><em><strong>Les producteurs et mara\u00eechers de Baguida, banlieue \u00e0 l&rsquo;Est de Lom\u00e9 ont b\u00e9n\u00e9fici\u00e9 ce 30 Octobre de caches-nez pour se prot\u00e9ger des produits phytosanitaires qu&rsquo;ils utilisent dans leur production. <\/strong><\/em><\/p><\/blockquote>\n<p>Le don est de la Mission \u00c9vang\u00e9lique de la R\u00e9conciliation (MEREC), dans le cadre du projet \u00ab\u00a0Souffle\u00a0\u00bb con\u00e7u pour une meilleure gestion desdits produits et des d\u00e9chets agricoles. Un sac de composte pour l&rsquo;exp\u00e9rimentation d&rsquo;une culture bio a \u00e9galement \u00e9t\u00e9 remis \u00e0 l&rsquo;occasion \u00e0 ces mara\u00eechers.<\/p>\n<p>Suivre le reportage&#8230;<\/p>\n<p>Chris AGBEDINOU<\/p>\n","protected":false},"excerpt":{"rendered":"<p>Les producteurs et mara\u00eechers de Baguida, banlieue \u00e0 l&rsquo;Est de Lom\u00e9 ont b\u00e9n\u00e9fici\u00e9 ce 30 Octobre de caches-nez pour se prot\u00e9ger des produits phytosanitaires qu&rsquo;ils utilisent dans leur production. Le don est de la Mission \u00c9vang\u00e9lique de la R\u00e9conciliation (MEREC), dans le cadre du projet \u00ab\u00a0Souffle\u00a0\u00bb con\u00e7u pour une meilleure gestion desdits produits et des [&hellip;]<\/p>\n","protected":false},"author":2,"featured_media":5054,"comment_status":"open","ping_status":"open","sticky":false,"template":"","format":"standard","meta":{"ec_post_video":"https:\/\/m.youtube.com\/watch?v=Ml2V0H7RcZ8"},"categories":[2],"tags":[],"odd":[605],"_links":{"self":[{"href":"https:\/\/www.ecoconscience.tv\/api\/wp\/v2\/posts\/5049"}],"collection":[{"href":"https:\/\/www.ecoconscience.tv\/api\/wp\/v2\/posts"}],"about":[{"href":"https:\/\/www.ecoconscience.tv\/api\/wp\/v2\/types\/post"}],"author":[{"embeddable":true,"href":"https:\/\/www.ecoconscience.tv\/api\/wp\/v2\/users\/2"}],"replies":[{"embeddable":true,"href":"https:\/\/www.ecoconscience.tv\/api\/wp\/v2\/comments?post=5049"}],"version-history":[{"count":3,"href":"https:\/\/www.ecoconscience.tv\/api\/wp\/v2\/posts\/5049\/revisions"}],"predecessor-version":[{"id":5053,"href":"https:\/\/www.ecoconscience.tv\/api\/wp\/v2\/posts\/5049\/revisions\/5053"}],"wp:featuredmedia":[{"embeddable":true,"href":"https:\/\/www.ecoconscience.tv\/api\/wp\/v2\/media\/5054"}],"wp:attachment":[{"href":"https:\/\/www.ecoconscience.tv\/api\/wp\/v2\/media?parent=5049"}],"wp:term":[{"taxonomy":"category","embeddable":true,"href":"https:\/\/www.ecoconscience.tv\/api\/wp\/v2\/categories?post=5049"},{"taxonomy":"post_tag","embeddable":true,"href":"https:\/\/www.ecoconscience.tv\/api\/wp\/v2\/tags?post=5049"},{"taxonomy":"odd","embeddable":true,"href":"https:\/\/www.ecoconscience.tv\/api\/wp\/v2\/odd?post=5049"}],"curies":[{"name":"wp","href":"https:\/\/api.w.org\/{rel}","templated":true}]}}