{"id":4914,"date":"2017-09-19T16:19:38","date_gmt":"2017-09-19T16:19:38","guid":{"rendered":"https:\/\/www.ecoconscience.tv\/?p=4914"},"modified":"2017-09-19T16:21:03","modified_gmt":"2017-09-19T16:21:03","slug":"adoption-projet-souffle-mieux-gerer-dechets-agricoles","status":"publish","type":"post","link":"https:\/\/www.ecoconscience.tv\/adoption-projet-souffle-mieux-gerer-dechets-agricoles\/","title":{"rendered":"Adoption du projet Souffle: mieux g\u00e9rer les d\u00e9chets agricoles"},"content":{"rendered":"<blockquote><p>&nbsp;<\/p>\n<p><strong>Lentement mais s\u00fbrement le \u00ab\u00a0Projet Souffle\u00a0\u00bb qui promeut la rationalisation des produits phytosanitaires et la gestion des d\u00e9chets agricoles rentre dans sa phase de mise en oeuvre. Adopt\u00e9 ce 19 Septembre \u00e0 Lom\u00e9 par des sp\u00e9cialistes en protection de l&rsquo;environnement, des phytosanitaires, des ing\u00e9nieurs agronomes ainsi que les producteurs agricoles, la voie est ainsi balis\u00e9e pour son lancement officiel ce mercredi 20 Septembre dans le Canton de Baguida, \u00e0 l&rsquo;Est de Lom\u00e9 sur le littoral pour la phase pilote. <\/strong><\/p><\/blockquote>\n<p>C&rsquo;est un ambitieux projet qui permettra de sauver la vie de plusieurs personnes, partant des producteurs agricoles et mara\u00eechers aux consommateurs de ces produits d\u00e9vers\u00e9s sur le march\u00e9.<\/p>\n<p>Chris AGBEDINOU<\/p>\n","protected":false},"excerpt":{"rendered":"<p>&nbsp; Lentement mais s\u00fbrement le \u00ab\u00a0Projet Souffle\u00a0\u00bb qui promeut la rationalisation des produits phytosanitaires et la gestion des d\u00e9chets agricoles rentre dans sa phase de mise en oeuvre. Adopt\u00e9 ce 19 Septembre \u00e0 Lom\u00e9 par des sp\u00e9cialistes en protection de l&rsquo;environnement, des phytosanitaires, des ing\u00e9nieurs agronomes ainsi que les producteurs agricoles, la voie est ainsi [&hellip;]<\/p>\n","protected":false},"author":2,"featured_media":4915,"comment_status":"open","ping_status":"open","sticky":false,"template":"","format":"standard","meta":{"ec_post_video":"https:\/\/m.youtube.com\/watch?v=saAghpgZPJM"},"categories":[2],"tags":[21,358,98,1030,15],"odd":[605],"_links":{"self":[{"href":"https:\/\/www.ecoconscience.tv\/api\/wp\/v2\/posts\/4914"}],"collection":[{"href":"https:\/\/www.ecoconscience.tv\/api\/wp\/v2\/posts"}],"about":[{"href":"https:\/\/www.ecoconscience.tv\/api\/wp\/v2\/types\/post"}],"author":[{"embeddable":true,"href":"https:\/\/www.ecoconscience.tv\/api\/wp\/v2\/users\/2"}],"replies":[{"embeddable":true,"href":"https:\/\/www.ecoconscience.tv\/api\/wp\/v2\/comments?post=4914"}],"version-history":[{"count":2,"href":"https:\/\/www.ecoconscience.tv\/api\/wp\/v2\/posts\/4914\/revisions"}],"predecessor-version":[{"id":4917,"href":"https:\/\/www.ecoconscience.tv\/api\/wp\/v2\/posts\/4914\/revisions\/4917"}],"wp:featuredmedia":[{"embeddable":true,"href":"https:\/\/www.ecoconscience.tv\/api\/wp\/v2\/media\/4915"}],"wp:attachment":[{"href":"https:\/\/www.ecoconscience.tv\/api\/wp\/v2\/media?parent=4914"}],"wp:term":[{"taxonomy":"category","embeddable":true,"href":"https:\/\/www.ecoconscience.tv\/api\/wp\/v2\/categories?post=4914"},{"taxonomy":"post_tag","embeddable":true,"href":"https:\/\/www.ecoconscience.tv\/api\/wp\/v2\/tags?post=4914"},{"taxonomy":"odd","embeddable":true,"href":"https:\/\/www.ecoconscience.tv\/api\/wp\/v2\/odd?post=4914"}],"curies":[{"name":"wp","href":"https:\/\/api.w.org\/{rel}","templated":true}]}}