{"id":4891,"date":"2017-09-12T21:22:01","date_gmt":"2017-09-12T21:22:01","guid":{"rendered":"https:\/\/www.ecoconscience.tv\/?p=4891"},"modified":"2017-09-16T22:26:07","modified_gmt":"2017-09-16T22:26:07","slug":"validation-projet-souffle-rationalisation-produits-phytosanitaires-dechets-agricoles","status":"publish","type":"post","link":"https:\/\/www.ecoconscience.tv\/validation-projet-souffle-rationalisation-produits-phytosanitaires-dechets-agricoles\/","title":{"rendered":"Validation du projet SOUFFLE sur la rationalisation des produits phytosanitaires et des dechets agricoles"},"content":{"rendered":"<blockquote><p><strong>D\u00e9nomm\u00e9 SOUFFLE le projet, valid\u00e9 \u00e0 Lom\u00e9 ce 11 septembre 2017, porte sur la rationalisation des produits phytosanitaires et la gestion des d\u00e9chets agricoles au Togo. <\/strong><\/p><\/blockquote>\n<p>Il vise \u00e0 vulgariser et sensibiliser les producteurs sur les dangers li\u00e9s aux d\u00e9chets ou \u00e0 une utilisation inappropri\u00e9e des produits chimiques agricoles. Le projet sera pilot\u00e9 dans le Canton de Baguida<\/p>\n<p>Reportage&#8230;<\/p>\n","protected":false},"excerpt":{"rendered":"<p>D\u00e9nomm\u00e9 SOUFFLE le projet, valid\u00e9 \u00e0 Lom\u00e9 ce 11 septembre 2017, porte sur la rationalisation des produits phytosanitaires et la gestion des d\u00e9chets agricoles au Togo. Il vise \u00e0 vulgariser et sensibiliser les producteurs sur les dangers li\u00e9s aux d\u00e9chets ou \u00e0 une utilisation inappropri\u00e9e des produits chimiques agricoles. Le projet sera pilot\u00e9 dans le [&hellip;]<\/p>\n","protected":false},"author":2,"featured_media":4892,"comment_status":"open","ping_status":"open","sticky":false,"template":"","format":"standard","meta":{"ec_post_video":"https:\/\/m.youtube.com\/watch?v=iOVvRnp1E4c"},"categories":[2],"tags":[21,1028,13,98,1030],"odd":[605],"_links":{"self":[{"href":"https:\/\/www.ecoconscience.tv\/api\/wp\/v2\/posts\/4891"}],"collection":[{"href":"https:\/\/www.ecoconscience.tv\/api\/wp\/v2\/posts"}],"about":[{"href":"https:\/\/www.ecoconscience.tv\/api\/wp\/v2\/types\/post"}],"author":[{"embeddable":true,"href":"https:\/\/www.ecoconscience.tv\/api\/wp\/v2\/users\/2"}],"replies":[{"embeddable":true,"href":"https:\/\/www.ecoconscience.tv\/api\/wp\/v2\/comments?post=4891"}],"version-history":[{"count":4,"href":"https:\/\/www.ecoconscience.tv\/api\/wp\/v2\/posts\/4891\/revisions"}],"predecessor-version":[{"id":4905,"href":"https:\/\/www.ecoconscience.tv\/api\/wp\/v2\/posts\/4891\/revisions\/4905"}],"wp:featuredmedia":[{"embeddable":true,"href":"https:\/\/www.ecoconscience.tv\/api\/wp\/v2\/media\/4892"}],"wp:attachment":[{"href":"https:\/\/www.ecoconscience.tv\/api\/wp\/v2\/media?parent=4891"}],"wp:term":[{"taxonomy":"category","embeddable":true,"href":"https:\/\/www.ecoconscience.tv\/api\/wp\/v2\/categories?post=4891"},{"taxonomy":"post_tag","embeddable":true,"href":"https:\/\/www.ecoconscience.tv\/api\/wp\/v2\/tags?post=4891"},{"taxonomy":"odd","embeddable":true,"href":"https:\/\/www.ecoconscience.tv\/api\/wp\/v2\/odd?post=4891"}],"curies":[{"name":"wp","href":"https:\/\/api.w.org\/{rel}","templated":true}]}}