{"id":4675,"date":"2017-06-27T13:20:27","date_gmt":"2017-06-27T13:20:27","guid":{"rendered":"https:\/\/www.ecoconscience.tv\/?p=4675"},"modified":"2017-06-27T13:29:49","modified_gmt":"2017-06-27T13:29:49","slug":"ministre-lorenzo-salue-dynamique-synato-relance-secteur-culturel","status":"publish","type":"post","link":"https:\/\/www.ecoconscience.tv\/ministre-lorenzo-salue-dynamique-synato-relance-secteur-culturel\/","title":{"rendered":"Le ministre LORENZO salue la dynamique du synato dans la relance du secteur culturel"},"content":{"rendered":"<blockquote><p><strong>Le Syndicat National des Artistes du Togo a son si\u00e8ge. Situ\u00e9 dans le quartier K\u00e9gu\u00e9 Av\u00e9yim\u00e9 au Nord-Est de Lom\u00e9 , il a \u00e9t\u00e9 inaugur\u00e9 ce dimanche 25 juin 2017 par le ministre Guy Madr\u00e9 LORENZO,en charge de la culture. C&rsquo;est un nouveau pas franchi pour ce tout nouveau regroupement d&rsquo;artistes qui fait de la redynamisation et de la promotion du secteur culturel, son cheval de bataille. <\/strong><\/p><\/blockquote>\n<p>L&rsquo;instant a \u00e9galement permis de d\u00e9couvrir la multitude de tableaux des artistes plasticiens avec comme messages essentiels v\u00e9hicul\u00e9s, la paix et la r\u00e9conciliation entre les fils et filles du Togo.<\/p>\n<p>Pour rappel, passer par la culture pour contribuer au d\u00e9veloppement du pays est l&rsquo;un des objectifs du SYNATO.<br \/>\nSuivez le reportage&#8230;<\/p>\n<p>C. A<\/p>\n","protected":false},"excerpt":{"rendered":"<p>Le Syndicat National des Artistes du Togo a son si\u00e8ge. Situ\u00e9 dans le quartier K\u00e9gu\u00e9 Av\u00e9yim\u00e9 au Nord-Est de Lom\u00e9 , il a \u00e9t\u00e9 inaugur\u00e9 ce dimanche 25 juin 2017 par le ministre Guy Madr\u00e9 LORENZO,en charge de la culture. C&rsquo;est un nouveau pas franchi pour ce tout nouveau regroupement d&rsquo;artistes qui fait de la [&hellip;]<\/p>\n","protected":false},"author":2,"featured_media":4679,"comment_status":"open","ping_status":"open","sticky":false,"template":"","format":"standard","meta":{"ec_post_video":"https:\/\/m.youtube.com\/watch?v=0ecgeUqxejQ"},"categories":[372],"tags":[16,918],"odd":[],"_links":{"self":[{"href":"https:\/\/www.ecoconscience.tv\/api\/wp\/v2\/posts\/4675"}],"collection":[{"href":"https:\/\/www.ecoconscience.tv\/api\/wp\/v2\/posts"}],"about":[{"href":"https:\/\/www.ecoconscience.tv\/api\/wp\/v2\/types\/post"}],"author":[{"embeddable":true,"href":"https:\/\/www.ecoconscience.tv\/api\/wp\/v2\/users\/2"}],"replies":[{"embeddable":true,"href":"https:\/\/www.ecoconscience.tv\/api\/wp\/v2\/comments?post=4675"}],"version-history":[{"count":1,"href":"https:\/\/www.ecoconscience.tv\/api\/wp\/v2\/posts\/4675\/revisions"}],"predecessor-version":[{"id":4676,"href":"https:\/\/www.ecoconscience.tv\/api\/wp\/v2\/posts\/4675\/revisions\/4676"}],"wp:featuredmedia":[{"embeddable":true,"href":"https:\/\/www.ecoconscience.tv\/api\/wp\/v2\/media\/4679"}],"wp:attachment":[{"href":"https:\/\/www.ecoconscience.tv\/api\/wp\/v2\/media?parent=4675"}],"wp:term":[{"taxonomy":"category","embeddable":true,"href":"https:\/\/www.ecoconscience.tv\/api\/wp\/v2\/categories?post=4675"},{"taxonomy":"post_tag","embeddable":true,"href":"https:\/\/www.ecoconscience.tv\/api\/wp\/v2\/tags?post=4675"},{"taxonomy":"odd","embeddable":true,"href":"https:\/\/www.ecoconscience.tv\/api\/wp\/v2\/odd?post=4675"}],"curies":[{"name":"wp","href":"https:\/\/api.w.org\/{rel}","templated":true}]}}