{"id":4619,"date":"2017-05-27T21:09:38","date_gmt":"2017-05-27T21:09:38","guid":{"rendered":"https:\/\/www.ecoconscience.tv\/?p=4619"},"modified":"2017-06-08T21:22:55","modified_gmt":"2017-06-08T21:22:55","slug":"synato-sollicite-hommes-de-media-redynamiser-secteur-culturel","status":"publish","type":"post","link":"https:\/\/www.ecoconscience.tv\/synato-sollicite-hommes-de-media-redynamiser-secteur-culturel\/","title":{"rendered":"Le SYNATO sollicite les hommes de m\u00e9dia pour redynamiser le secteur culturel"},"content":{"rendered":"<blockquote><p><strong>Quelques mois apr\u00e8s le d\u00e9cret portant modalit\u00e9s d&rsquo;application du statut de l&rsquo;artiste togolais, les int\u00e9ress\u00e9s eux m\u00eame se remobilisent pour faire valoir leur place et importance dans la cit\u00e9. <\/strong><\/p><\/blockquote>\n<p>Regroup\u00e9s au sein du Syndicat National des Artistes du Togo, ils optent pour la redynamisation de leur secteur. Afin d&rsquo;atteindre cet objectif, sollicitent &#8211; ils l&rsquo;appui des journalistes surtout dans la promotion de leurs diff\u00e9rentes oeuvres artistiques. Ils l&rsquo;ont clairement signifi\u00e9 aux hommes de m\u00e9dias lors d&rsquo;une conf\u00e9rence de presse organis\u00e9e le 26 mai dernier \u00e0 Lom\u00e9.<\/p>\n<p>Plus de d\u00e9tails dans le reportage&#8230;<\/p>\n<p>C. A<\/p>\n<p>&nbsp;<\/p>\n","protected":false},"excerpt":{"rendered":"<p>Quelques mois apr\u00e8s le d\u00e9cret portant modalit\u00e9s d&rsquo;application du statut de l&rsquo;artiste togolais, les int\u00e9ress\u00e9s eux m\u00eame se remobilisent pour faire valoir leur place et importance dans la cit\u00e9. Regroup\u00e9s au sein du Syndicat National des Artistes du Togo, ils optent pour la redynamisation de leur secteur. Afin d&rsquo;atteindre cet objectif, sollicitent &#8211; ils l&rsquo;appui [&hellip;]<\/p>\n","protected":false},"author":2,"featured_media":4620,"comment_status":"open","ping_status":"open","sticky":false,"template":"","format":"standard","meta":{"ec_post_video":"https:\/\/m.youtube.com\/watch?v=A9OO40rX_Pc"},"categories":[372],"tags":[16,15],"odd":[],"_links":{"self":[{"href":"https:\/\/www.ecoconscience.tv\/api\/wp\/v2\/posts\/4619"}],"collection":[{"href":"https:\/\/www.ecoconscience.tv\/api\/wp\/v2\/posts"}],"about":[{"href":"https:\/\/www.ecoconscience.tv\/api\/wp\/v2\/types\/post"}],"author":[{"embeddable":true,"href":"https:\/\/www.ecoconscience.tv\/api\/wp\/v2\/users\/2"}],"replies":[{"embeddable":true,"href":"https:\/\/www.ecoconscience.tv\/api\/wp\/v2\/comments?post=4619"}],"version-history":[{"count":1,"href":"https:\/\/www.ecoconscience.tv\/api\/wp\/v2\/posts\/4619\/revisions"}],"predecessor-version":[{"id":4622,"href":"https:\/\/www.ecoconscience.tv\/api\/wp\/v2\/posts\/4619\/revisions\/4622"}],"wp:featuredmedia":[{"embeddable":true,"href":"https:\/\/www.ecoconscience.tv\/api\/wp\/v2\/media\/4620"}],"wp:attachment":[{"href":"https:\/\/www.ecoconscience.tv\/api\/wp\/v2\/media?parent=4619"}],"wp:term":[{"taxonomy":"category","embeddable":true,"href":"https:\/\/www.ecoconscience.tv\/api\/wp\/v2\/categories?post=4619"},{"taxonomy":"post_tag","embeddable":true,"href":"https:\/\/www.ecoconscience.tv\/api\/wp\/v2\/tags?post=4619"},{"taxonomy":"odd","embeddable":true,"href":"https:\/\/www.ecoconscience.tv\/api\/wp\/v2\/odd?post=4619"}],"curies":[{"name":"wp","href":"https:\/\/api.w.org\/{rel}","templated":true}]}}