{"id":4460,"date":"2017-05-03T17:05:58","date_gmt":"2017-05-03T17:05:58","guid":{"rendered":"https:\/\/www.ecoconscience.tv\/?p=4460"},"modified":"2017-05-04T07:13:30","modified_gmt":"2017-05-04T07:13:30","slug":"liberte-de-presse-david-gilmour-plate-forme-fournie-medias-debat-etouffe-tolerance-affaiblie","status":"publish","type":"post","link":"https:\/\/www.ecoconscience.tv\/liberte-de-presse-david-gilmour-plate-forme-fournie-medias-debat-etouffe-tolerance-affaiblie\/","title":{"rendered":"Libert\u00e9 de la presse, David Gilmour : \u00ab\u00a0Sans la plate-forme fournie par les m\u00e9dias, le d\u00e9bat est \u00e9touff\u00e9 et la tol\u00e9rance affaiblie\u00a0\u00bb"},"content":{"rendered":"<blockquote>\n<p style=\"text-align: justify;\"><strong>La journ\u00e9e du 3 Mai d\u00e9di\u00e9e \u00e0 la libert\u00e9 de la presse a \u00e9t\u00e9 marqu\u00e9e \u00e0 l&rsquo;Ambassade des \u00c9tats-Unis au Togo par un webchat suivi d&rsquo;un expos\u00e9 sur le m\u00e9tier de journaliste reporteur d&rsquo;images et ses enjeux. Avec le th\u00e8me \u00a0\u00bb Des esprits critiques pour des temps critiques : le r\u00f4le des m\u00e9dias dans la promotion de soci\u00e9t\u00e9s pacifiques justes et inclusives\u00a0\u00bb, l&rsquo;accent est mis sur la n\u00e9cessit\u00e9 de renforcer le journalisme libre et de qualit\u00e9 pour permettre aux m\u00e9dias de contribuer au d\u00e9veloppement. La s\u00e9ance a r\u00e9uni un groupe de journalistes dont votre cha\u00eene <span style=\"color: #008000;\">Eco Conscience TV<\/span> repr\u00e9sent\u00e9e et des \u00e9tudiants en journalisme. \u00c0 l&rsquo;occasion, l&rsquo;<span style=\"color: #008000;\">Ambassadeur des \u00c9tats-Unis au Togo, Dr David Gilmour<\/span> a d\u00e9livr\u00e9 un discours dont voici la teneur.\u00a0<\/strong><\/p>\n<div dir=\"auto\" style=\"text-align: justify;\">Excellents membres de la presse<\/div>\n<div dir=\"auto\" style=\"text-align: justify;\">Chers coll\u00e8gues<\/div>\n<div dir=\"auto\" style=\"text-align: justify;\">Mesdames et Messieurs<\/div>\n<div dir=\"auto\" style=\"text-align: justify;\">Bonsoir.<\/div>\n<div dir=\"auto\" style=\"text-align: justify;\"><\/div>\n<div dir=\"auto\" style=\"text-align: justify;\">C&rsquo;est un grand honneur pour moi d&rsquo;\u00eatre avec vous aujourd&rsquo;hui \u00e0 l&rsquo;occasion de la c\u00e9l\u00e9bration de la Journ\u00e9e Mondiale de la Libert\u00e9 de la Presse.<\/div>\n<div dir=\"auto\" style=\"text-align: justify;\">Le c\u00e9l\u00e8bre journaliste am\u00e9ricain Walter Lippman \u00e0 d\u00e9clar\u00e9 ; je le cite \u00ab il ne peut y avoir de loi sup\u00e9rieure dans le journalisme que de dire la v\u00e9rit\u00e9\u00bb. L&rsquo;ann\u00e9e derni\u00e8re \u00e0 \u00e9t\u00e9 un d\u00e9fi et difficile pour la libert\u00e9 de la presse.<\/div>\n<div dir=\"auto\" style=\"text-align: justify;\"><\/div>\n<div dir=\"auto\" style=\"text-align: justify;\">Selon l&rsquo;indice mondial de la libert\u00e9 de la presse de 2017 compil\u00e9 par Reporters sans fronti\u00e8res, la situation de la libert\u00e9 des m\u00e9dias est tr\u00e8s grave. Dans le monde entier, la libert\u00e9 de la presse est menac\u00e9e et elle est de plus en plus fragile m\u00eame dans les d\u00e9mocraties avanc\u00e9es. Nous l&rsquo;avons m\u00eame vu aux \u00c9tats-Unis l&rsquo;ann\u00e9e derni\u00e8re pendant la campagne pr\u00e9sidentielle, o\u00f9 la presse \u00e0 \u00e9t\u00e9 r\u00e9guli\u00e8rement diabolis\u00e9e et attaqu\u00e9e dans l&rsquo;exercice de ses fonctions.<\/div>\n<div dir=\"auto\" style=\"text-align: justify;\"><\/div>\n<div dir=\"auto\" style=\"text-align: justify;\">Au Togo, il y a eu aussi un certain nombre d&rsquo;incidents troublants, \u00e0 savoir:la fermeture de la Cha\u00eene du Future et City Fm par la HAAC au d\u00e9but de cette ann\u00e9e ind\u00e9pendamment des bases juridiques l\u00e9gales de la d\u00e9cision envoyant un message s\u00e9v\u00e8re aux m\u00e9dias ind\u00e9pendants qu&rsquo;ils peuvent \u00eatre ferm\u00e9s \u00e0 tout moment. De nombreux cas de harc\u00e8lement, d&rsquo;intimidation et d&rsquo;abus de journalistes ont \u00e9galement eu lieu.<\/div>\n<div dir=\"auto\" style=\"text-align: justify;\">Il n&rsquo;y a pas de solutions faciles \u00e0 tendances inqui\u00e9tantes. Nous vivons une p\u00e9riode de perturbations technologiques, sociales et \u00e9conomiques incroyables. Toutes nos institutions les plus anciennes et les plus enracin\u00e9es sont \u00e9branl\u00e9es par ce changement, y compris la presse libre.<\/div>\n<div dir=\"auto\" style=\"text-align: justify;\">Mais il est important de se rappeler que cette nouvelle \u00e8re dans laquelle nous vivons pr\u00e9sente de grandes opportunit\u00e9s ainsi que des d\u00e9fis pour les m\u00e9dias.<\/div>\n<div dir=\"auto\" style=\"text-align: justify;\"><\/div>\n<div dir=\"auto\" style=\"text-align: justify;\">Au Togo, nous avons connu d&rsquo;\u00e9normes exemples de journalistes qui saisissent les opportunit\u00e9s offertes par de nouvelles plateformes et de nouvelles technologies. Ici dans cette salle, nous avons un repr\u00e9sentant de<span style=\"color: #008000;\"> Eco Conscience TV<\/span>, une plate-forme de t\u00e9l\u00e9vision en ligne cr\u00e9\u00e9e par de jeunes journalistes togolais pour documenter la v\u00e9rit\u00e9 relevant des probl\u00e8mes environnementaux. Nous avons aussi Maxime DOMEGNI, qui a \u00e9t\u00e9 invit\u00e9 \u00e0 \u00a0la Conf\u00e9rence Africaine sur le journalisme d&rsquo;investigation en Afrique du Sud pour son impressionnant travail d&rsquo;enqu\u00eate sur les dossiers de Panama et les liens avec le Togo. Nous avons \u00e9galement vu la campagne \u00ab\u00a0faisons les comptes\u00a0\u00bb, dans laquelle les m\u00e9dias ont amplifi\u00e9 un mouvement qui a commenc\u00e9 sur Twitter visant \u00e0 faire pression sur le gouvernement pour publier une v\u00e9rification financi\u00e8re des fonds publics mal g\u00e9r\u00e9s. Cet incident remarquable montre le pouvoir des m\u00e9dias sociaux et la fa\u00e7on dont ils peuvent \u00eatre combin\u00e9s avec les m\u00e9dias traditionnels pour rendre responsable le puissant .<\/div>\n<div dir=\"auto\" style=\"text-align: justify;\"><\/div>\n<div dir=\"auto\" style=\"text-align: justify;\">\u00a0Au fur et \u00e0 mesure que nous traversons cette nouvelle \u00e8re turbulente, nous avons plus que jamais besoin de la presse libre. Le r\u00f4le des m\u00e9dias dans la fourniture de d&rsquo;informations cr\u00e9dibles, de donner la parole aux personnes et de tenir responsable ceux qui sont au pouvoir que le compte rendu est fondamental pour la r\u00e9alisation de notre libert\u00e9 et de nos droits humains. Les m\u00e9dias jouent un r\u00f4le cl\u00e9 dans le d\u00e9veloppement social et \u00e9conomique, la d\u00e9mocratie, les droits de l&rsquo;homme et la poursuite de la justice. Sans la plate-forme fournie par les m\u00e9dias dans l&rsquo;information diffus\u00e9e, les id\u00e9es diminuent, le d\u00e9bat est \u00e9touff\u00e9 et la tol\u00e9rance est affaiblie.<\/div>\n<div dir=\"auto\" style=\"text-align: justify;\"><\/div>\n<div dir=\"auto\" style=\"text-align: justify;\">Votre travail est d&rsquo;une importance vitale, et je veux que vous sachiez que l&rsquo;Ambassade des \u00c9tats-Unis est l\u00e0 pour vous soutenir dans vos efforts. Le programme d&rsquo;aujourd&rsquo;hui n&rsquo;est qu&rsquo;un exemple de notre engagement \u00e0 fournir aux journalistes du Togo les outils n\u00e9cessaires pour naviguer dans le nouvel environnement m\u00e9diatique. Nous sommes tr\u00e8s heureux d&rsquo;avoir avec nous le journalisme prim\u00e9 ; No\u00ebl TADEGNON pour donner quelques conseils sur la mani\u00e8re de faire pour \u00eatre un journaliste multim\u00e9dias.<\/div>\n<div dir=\"auto\" style=\"text-align: justify;\">Je vous remercie pour votre pr\u00e9sence ici aujourd&rsquo;hui, et je vous remercie pour votre engagement envers le journalisme en tant que profession. Que vous soyez journaliste travailleur pendant de nombreuses ann\u00e9es, ou que vous soyez d\u00e9butants \u00e0 l&rsquo;\u00e9cole du journalisme, nous appr\u00e9cions le travail que vous accomplissez pour informer, conscientiser et rendre compte \u00e0 vos membres afin de maintenir le fonctionnement de la d\u00e9mocratie.<\/div>\n<div dir=\"auto\" style=\"text-align: justify;\"><\/div>\n<div dir=\"auto\" style=\"text-align: justify;\">Je vous remercie.<\/div>\n<\/blockquote>\n<blockquote>\n<div dir=\"auto\" style=\"text-align: justify;\">(le discours int\u00e9gral)<\/div>\n<div dir=\"auto\" style=\"text-align: justify;\"><em><span style=\"color: #008000;\"><strong>ECO CONSCIENCE TV<\/strong><\/span><\/em><\/div>\n<\/blockquote>\n","protected":false},"excerpt":{"rendered":"<p>La journ\u00e9e du 3 Mai d\u00e9di\u00e9e \u00e0 la libert\u00e9 de la presse a \u00e9t\u00e9 marqu\u00e9e \u00e0 l&rsquo;Ambassade des \u00c9tats-Unis au Togo par un webchat suivi d&rsquo;un expos\u00e9 sur le m\u00e9tier de journaliste reporteur d&rsquo;images et ses enjeux. Avec le th\u00e8me \u00a0\u00bb Des esprits critiques pour des temps critiques : le r\u00f4le des m\u00e9dias dans la [&hellip;]<\/p>\n","protected":false},"author":2,"featured_media":4461,"comment_status":"open","ping_status":"open","sticky":false,"template":"","format":"standard","meta":{"ec_post_video":""},"categories":[372],"tags":[849,361,757],"odd":[],"_links":{"self":[{"href":"https:\/\/www.ecoconscience.tv\/api\/wp\/v2\/posts\/4460"}],"collection":[{"href":"https:\/\/www.ecoconscience.tv\/api\/wp\/v2\/posts"}],"about":[{"href":"https:\/\/www.ecoconscience.tv\/api\/wp\/v2\/types\/post"}],"author":[{"embeddable":true,"href":"https:\/\/www.ecoconscience.tv\/api\/wp\/v2\/users\/2"}],"replies":[{"embeddable":true,"href":"https:\/\/www.ecoconscience.tv\/api\/wp\/v2\/comments?post=4460"}],"version-history":[{"count":3,"href":"https:\/\/www.ecoconscience.tv\/api\/wp\/v2\/posts\/4460\/revisions"}],"predecessor-version":[{"id":4465,"href":"https:\/\/www.ecoconscience.tv\/api\/wp\/v2\/posts\/4460\/revisions\/4465"}],"wp:featuredmedia":[{"embeddable":true,"href":"https:\/\/www.ecoconscience.tv\/api\/wp\/v2\/media\/4461"}],"wp:attachment":[{"href":"https:\/\/www.ecoconscience.tv\/api\/wp\/v2\/media?parent=4460"}],"wp:term":[{"taxonomy":"category","embeddable":true,"href":"https:\/\/www.ecoconscience.tv\/api\/wp\/v2\/categories?post=4460"},{"taxonomy":"post_tag","embeddable":true,"href":"https:\/\/www.ecoconscience.tv\/api\/wp\/v2\/tags?post=4460"},{"taxonomy":"odd","embeddable":true,"href":"https:\/\/www.ecoconscience.tv\/api\/wp\/v2\/odd?post=4460"}],"curies":[{"name":"wp","href":"https:\/\/api.w.org\/{rel}","templated":true}]}}