{"id":4373,"date":"2017-04-27T10:30:51","date_gmt":"2017-04-27T10:30:51","guid":{"rendered":"https:\/\/www.ecoconscience.tv\/?p=4373"},"modified":"2017-04-28T08:43:50","modified_gmt":"2017-04-28T08:43:50","slug":"geneve-delegues-de-diverses-ong-prennent-position-quatrieme-jour-cop-de-brs","status":"publish","type":"post","link":"https:\/\/www.ecoconscience.tv\/geneve-delegues-de-diverses-ong-prennent-position-quatrieme-jour-cop-de-brs\/","title":{"rendered":"Gen\u00e8ve : Les d\u00e9l\u00e9gu\u00e9s de diverses ONG prennent position au quatri\u00e8me jour des COP de la BRS"},"content":{"rendered":"<p style=\"text-align: justify;\"><a href=\"https:\/\/www.ecoconscience.tv\/wp-content\/uploads\/2017\/04\/ipen.png\"><img loading=\"lazy\" class=\"alignleft size-full wp-image-4374\" src=\"https:\/\/www.ecoconscience.tv\/wp-content\/uploads\/2017\/04\/ipen.png\" alt=\"\" width=\"200\" height=\"200\" srcset=\"https:\/\/www.ecoconscience.tv\/wp-content\/uploads\/2017\/04\/ipen.png 200w, https:\/\/www.ecoconscience.tv\/wp-content\/uploads\/2017\/04\/ipen-150x150.png 150w\" sizes=\"(max-width: 200px) 100vw, 200px\" \/><\/a>Ce 27 avril jour crucial des n\u00e9gociations portant sur la convention de Stockholm, \u00e0 la BRS COPs 2017, \u00a0les d\u00e9l\u00e9gu\u00e9s de diff\u00e9rentes ONGs membres du r\u00e9seau mondial <a href=\"http:\/\/ipen.org\/\" target=\"_blank\" rel=\"noopener noreferrer\"><span style=\"color: #008000;\">IPEN<\/span> <\/a>se sont mobilis\u00e9s lors d&rsquo;une campagne \u00a0pour appeler toutes les parties \u00e0 penser \u00e0 la sant\u00e9 des enfants du monde entier dans la prise des d\u00e9cisions. Ils ont demand\u00e9 aux parties de dire NON au recyclage des POPs sous la convention de\u00a0Stockholm.<\/p>\n<p style=\"text-align: justify;\">Leur message placard\u00e9:\u00a0\u00ab\u00a0Recycling of POPs is not allowed under the Stockholm convention\u00a0\u00bb, en fran\u00e7ais :\u00a0\u00ab\u00a0Recyclage des POPs ne doit pas \u00eatre accept\u00e9 sous la convention de Stockholm\u00a0\u00bb<\/p>\n<p style=\"text-align: justify;\">Cette campagne a eu son \u00e9cho selon les responsables de IPEN.<\/p>\n<p style=\"text-align: justify;\"><span style=\"color: #008000;\"><strong>ECO CONSCIENCE TV, Gen\u00e8ve<\/strong><\/span><\/p>\n<p style=\"text-align: justify;\"><em>NB : Photo \u00e0 la Une sign\u00e9e :\u00a0IISD\/ENB | Kiara Worth<\/em><\/p>\n<p style=\"text-align: justify;\"><em><strong>IISD Reporting Services<\/strong>, through its Earth Negotiations Bulletin (ENB) Meeting Coverage, is providing digital coverage, daily reports and a summary and analysis report from the 2017 Meetings of the Conferences of the Parties to the Basel, Rotterdam and Stockholm Conventions.<\/em><\/p>\n","protected":false},"excerpt":{"rendered":"<p>Ce 27 avril jour crucial des n\u00e9gociations portant sur la convention de Stockholm, \u00e0 la BRS COPs 2017, \u00a0les d\u00e9l\u00e9gu\u00e9s de diff\u00e9rentes ONGs membres du r\u00e9seau mondial IPEN se sont mobilis\u00e9s lors d&rsquo;une campagne \u00a0pour appeler toutes les parties \u00e0 penser \u00e0 la sant\u00e9 des enfants du monde entier dans la prise des d\u00e9cisions. Ils [&hellip;]<\/p>\n","protected":false},"author":2,"featured_media":4375,"comment_status":"open","ping_status":"open","sticky":false,"template":"","format":"standard","meta":{"ec_post_video":""},"categories":[372],"tags":[837,835,839,335],"odd":[605],"_links":{"self":[{"href":"https:\/\/www.ecoconscience.tv\/api\/wp\/v2\/posts\/4373"}],"collection":[{"href":"https:\/\/www.ecoconscience.tv\/api\/wp\/v2\/posts"}],"about":[{"href":"https:\/\/www.ecoconscience.tv\/api\/wp\/v2\/types\/post"}],"author":[{"embeddable":true,"href":"https:\/\/www.ecoconscience.tv\/api\/wp\/v2\/users\/2"}],"replies":[{"embeddable":true,"href":"https:\/\/www.ecoconscience.tv\/api\/wp\/v2\/comments?post=4373"}],"version-history":[{"count":4,"href":"https:\/\/www.ecoconscience.tv\/api\/wp\/v2\/posts\/4373\/revisions"}],"predecessor-version":[{"id":4379,"href":"https:\/\/www.ecoconscience.tv\/api\/wp\/v2\/posts\/4373\/revisions\/4379"}],"wp:featuredmedia":[{"embeddable":true,"href":"https:\/\/www.ecoconscience.tv\/api\/wp\/v2\/media\/4375"}],"wp:attachment":[{"href":"https:\/\/www.ecoconscience.tv\/api\/wp\/v2\/media?parent=4373"}],"wp:term":[{"taxonomy":"category","embeddable":true,"href":"https:\/\/www.ecoconscience.tv\/api\/wp\/v2\/categories?post=4373"},{"taxonomy":"post_tag","embeddable":true,"href":"https:\/\/www.ecoconscience.tv\/api\/wp\/v2\/tags?post=4373"},{"taxonomy":"odd","embeddable":true,"href":"https:\/\/www.ecoconscience.tv\/api\/wp\/v2\/odd?post=4373"}],"curies":[{"name":"wp","href":"https:\/\/api.w.org\/{rel}","templated":true}]}}