{"id":4284,"date":"2017-04-06T21:26:56","date_gmt":"2017-04-06T21:26:56","guid":{"rendered":"https:\/\/www.ecoconscience.tv\/?p=4284"},"modified":"2017-04-12T00:32:33","modified_gmt":"2017-04-12T00:32:33","slug":"4eme-ed-fadef-marathon-courir-paix","status":"publish","type":"post","link":"https:\/\/www.ecoconscience.tv\/4eme-ed-fadef-marathon-courir-paix\/","title":{"rendered":"4\u00e8me Ed FADEF \/ Marathon : Courir pour la paix"},"content":{"rendered":"<blockquote>\n<div dir=\"auto\" style=\"text-align: justify;\"><em><strong><span style=\"color: #808080;\">\u2018\u2019Courir pour la paix\u2019\u2019 est le th\u00e8me choisi pour le marathon organis\u00e9 dans le cadre des activit\u00e9s de la 4\u00e8me \u00a0\u00e9dition du Festival des Arts de D\u00e9fal\u00e9 (FADEF) et qui a r\u00e9uni des jeunes athl\u00e8tes hommes et femmes de de toute la pr\u00e9fecture de Doufelgou le 6 Avril dernier \u00e0 D\u00e9fale. Objectif 16 des ODD, la paix est le soubassement de tout d\u00e9veloppement et doit \u00eatre entretenue en toute circonstance pour le bien des populations. <\/span><\/strong><\/em><\/div>\n<\/blockquote>\n<div dir=\"auto\" style=\"text-align: justify;\"><\/div>\n<div dir=\"auto\" style=\"text-align: justify;\">C\u2019est le but de ce marathon qui a servi de moment de sensibilisation des jeunes du milieu sur les valeurs de la paix. Le litige foncier a souvent divis\u00e9 certaines communaut\u00e9s de la localit\u00e9 et c\u2019\u00e9tait le lieu d\u2019inviter les uns et les autres \u00e0 la qu\u00eate du dialogue permanent et au r\u00e8glement des diff\u00e9rends par les voies l\u00e9gales qui existent au Togo.<\/div>\n<div dir=\"auto\" style=\"text-align: justify;\"><\/div>\n<div dir=\"auto\" style=\"text-align: justify;\">Le \u00a0message semble avoir port\u00e9 un \u00e9cho favorable aupr\u00e8s des jeunes coureurs qui ont comp\u00e9ti ensemble durant tout le trajet. Les hommes ont parcouru selon les cat\u00e9gories une distance de 10 000m et 5 000m, le 3 000m \u00e9tant r\u00e9serv\u00e9 aux filles.<\/div>\n<div dir=\"auto\"><\/div>\n<div dir=\"auto\">Reportage \u2026.<\/div>\n<div dir=\"auto\"><em><span style=\"color: #008080;\"><strong>C.A<\/strong><\/span><\/em><\/div>\n","protected":false},"excerpt":{"rendered":"<p>\u2018\u2019Courir pour la paix\u2019\u2019 est le th\u00e8me choisi pour le marathon organis\u00e9 dans le cadre des activit\u00e9s de la 4\u00e8me \u00a0\u00e9dition du Festival des Arts de D\u00e9fal\u00e9 (FADEF) et qui a r\u00e9uni des jeunes athl\u00e8tes hommes et femmes de de toute la pr\u00e9fecture de Doufelgou le 6 Avril dernier \u00e0 D\u00e9fale. Objectif 16 des ODD, [&hellip;]<\/p>\n","protected":false},"author":2,"featured_media":4285,"comment_status":"open","ping_status":"open","sticky":false,"template":"","format":"standard","meta":{"ec_post_video":"https:\/\/www.youtube.com\/watch?v=QM04I6tMJKg"},"categories":[372],"tags":[770,768,120],"odd":[613],"_links":{"self":[{"href":"https:\/\/www.ecoconscience.tv\/api\/wp\/v2\/posts\/4284"}],"collection":[{"href":"https:\/\/www.ecoconscience.tv\/api\/wp\/v2\/posts"}],"about":[{"href":"https:\/\/www.ecoconscience.tv\/api\/wp\/v2\/types\/post"}],"author":[{"embeddable":true,"href":"https:\/\/www.ecoconscience.tv\/api\/wp\/v2\/users\/2"}],"replies":[{"embeddable":true,"href":"https:\/\/www.ecoconscience.tv\/api\/wp\/v2\/comments?post=4284"}],"version-history":[{"count":1,"href":"https:\/\/www.ecoconscience.tv\/api\/wp\/v2\/posts\/4284\/revisions"}],"predecessor-version":[{"id":4286,"href":"https:\/\/www.ecoconscience.tv\/api\/wp\/v2\/posts\/4284\/revisions\/4286"}],"wp:featuredmedia":[{"embeddable":true,"href":"https:\/\/www.ecoconscience.tv\/api\/wp\/v2\/media\/4285"}],"wp:attachment":[{"href":"https:\/\/www.ecoconscience.tv\/api\/wp\/v2\/media?parent=4284"}],"wp:term":[{"taxonomy":"category","embeddable":true,"href":"https:\/\/www.ecoconscience.tv\/api\/wp\/v2\/categories?post=4284"},{"taxonomy":"post_tag","embeddable":true,"href":"https:\/\/www.ecoconscience.tv\/api\/wp\/v2\/tags?post=4284"},{"taxonomy":"odd","embeddable":true,"href":"https:\/\/www.ecoconscience.tv\/api\/wp\/v2\/odd?post=4284"}],"curies":[{"name":"wp","href":"https:\/\/api.w.org\/{rel}","templated":true}]}}