{"id":4277,"date":"2017-04-05T22:11:14","date_gmt":"2017-04-05T22:11:14","guid":{"rendered":"https:\/\/www.ecoconscience.tv\/?p=4277"},"modified":"2017-04-12T00:24:14","modified_gmt":"2017-04-12T00:24:14","slug":"4277-2","status":"publish","type":"post","link":"https:\/\/www.ecoconscience.tv\/4277-2\/","title":{"rendered":"FADEF 4\u00e8me Ed : valorisation du patrimoine historique"},"content":{"rendered":"<blockquote>\n<div dir=\"auto\" style=\"text-align: justify;\"><strong><span style=\"color: #808080;\">La pr\u00e9fecture de Doufelgou, plus particuli\u00e8rement le canton de D\u00e9fale \u00e0 plus de 400 km au Nord du Togo a vibr\u00e9 au rythme de la 4\u00e8me \u00e9dition du Festival des Arts de D\u00e9fal\u00e9 (FADEF) du 05 au 08 Avril dernier. C\u2019est une activit\u00e9 culturelle qui se tient d\u00e9sormais chaque ann\u00e9e dans la 1\u00e8re quinzaine du mois d\u2019Avril et qui accompagne la f\u00eate traditionnelle de la pr\u00e9fecture de Doufelgou, Sintu Djanjagou.<\/span><\/strong><\/div>\n<\/blockquote>\n<div dir=\"auto\" style=\"text-align: justify;\"><\/div>\n<div dir=\"auto\" style=\"text-align: justify;\">Avec l\u2019emphase mise cette ann\u00e9e sur la contribution de la culture pour l\u2019atteinte de certains des objectifs de d\u00e9veloppement durable, c\u2019est un programme riche qui a \u00e9t\u00e9 concoct\u00e9 par les organisateurs pour penser d\u00e9veloppement du Togo et de la pr\u00e9fecture de Doufelgou plus pr\u00e9cis\u00e9ment. La visite de sites touristiques notamment le <span style=\"color: #008000;\">sanctuaire du peuple \u00e9w\u00e9 (Agbogbodji)<\/span> \u00e0 Nots\u00e9, le<span style=\"color: #008000;\"> m\u00e9morial de Wahala<\/span> et les <span style=\"color: #008000;\">vestiges de la station \u00e9mettrice de Kamina<\/span> a \u00e9t\u00e9 la premi\u00e8re activit\u00e9 inscrite \u00e0 l\u2019agenda du FADEF.<\/div>\n<div dir=\"auto\" style=\"text-align: justify;\"><\/div>\n<div dir=\"auto\" style=\"text-align: justify;\"><\/div>\n<div dir=\"auto\" style=\"text-align: justify;\">Cette visite a permis \u00e0 la d\u00e9l\u00e9gation partie de Lom\u00e9 de revivre une partie de l\u2019histoire du Togo datant de l\u2019\u00e9poque coloniale et de se faire raconter les r\u00e9alit\u00e9s au sujet de la construction de la muraille Agbogbo et donc du peuple \u00e9w\u00e9 depuis son origine jusqu\u2019\u00e0 la derni\u00e8re \u00e9tape de sa migration. L\u2019id\u00e9e est aussi de valoriser ces patrimoines historiques pour en faire des sites touristiques de choix pouvant engendrer l\u2019employabilit\u00e9 des jeunes et le d\u00e9veloppement des localit\u00e9s abritant les dits sites.<\/div>\n<div dir=\"auto\" style=\"text-align: justify;\"><\/div>\n<div dir=\"auto\" style=\"text-align: justify;\"><\/div>\n<div dir=\"auto\" style=\"text-align: justify;\">Suivez le parcours des sites visit\u00e9s dans ce reportage\u2026<\/div>\n","protected":false},"excerpt":{"rendered":"<p>La pr\u00e9fecture de Doufelgou, plus particuli\u00e8rement le canton de D\u00e9fale \u00e0 plus de 400 km au Nord du Togo a vibr\u00e9 au rythme de la 4\u00e8me \u00e9dition du Festival des Arts de D\u00e9fal\u00e9 (FADEF) du 05 au 08 Avril dernier. C\u2019est une activit\u00e9 culturelle qui se tient d\u00e9sormais chaque ann\u00e9e dans la 1\u00e8re quinzaine du [&hellip;]<\/p>\n","protected":false},"author":2,"featured_media":4278,"comment_status":"open","ping_status":"open","sticky":false,"template":"","format":"standard","meta":{"ec_post_video":"https:\/\/www.youtube.com\/watch?v=tm670VxEvyU"},"categories":[372],"tags":[16,766,15,696],"odd":[],"_links":{"self":[{"href":"https:\/\/www.ecoconscience.tv\/api\/wp\/v2\/posts\/4277"}],"collection":[{"href":"https:\/\/www.ecoconscience.tv\/api\/wp\/v2\/posts"}],"about":[{"href":"https:\/\/www.ecoconscience.tv\/api\/wp\/v2\/types\/post"}],"author":[{"embeddable":true,"href":"https:\/\/www.ecoconscience.tv\/api\/wp\/v2\/users\/2"}],"replies":[{"embeddable":true,"href":"https:\/\/www.ecoconscience.tv\/api\/wp\/v2\/comments?post=4277"}],"version-history":[{"count":5,"href":"https:\/\/www.ecoconscience.tv\/api\/wp\/v2\/posts\/4277\/revisions"}],"predecessor-version":[{"id":4283,"href":"https:\/\/www.ecoconscience.tv\/api\/wp\/v2\/posts\/4277\/revisions\/4283"}],"wp:featuredmedia":[{"embeddable":true,"href":"https:\/\/www.ecoconscience.tv\/api\/wp\/v2\/media\/4278"}],"wp:attachment":[{"href":"https:\/\/www.ecoconscience.tv\/api\/wp\/v2\/media?parent=4277"}],"wp:term":[{"taxonomy":"category","embeddable":true,"href":"https:\/\/www.ecoconscience.tv\/api\/wp\/v2\/categories?post=4277"},{"taxonomy":"post_tag","embeddable":true,"href":"https:\/\/www.ecoconscience.tv\/api\/wp\/v2\/tags?post=4277"},{"taxonomy":"odd","embeddable":true,"href":"https:\/\/www.ecoconscience.tv\/api\/wp\/v2\/odd?post=4277"}],"curies":[{"name":"wp","href":"https:\/\/api.w.org\/{rel}","templated":true}]}}