{"id":11325,"date":"2025-03-26T18:56:06","date_gmt":"2025-03-26T18:56:06","guid":{"rendered":"https:\/\/www.ecoconscience.tv\/?p=11325"},"modified":"2025-03-26T19:01:06","modified_gmt":"2025-03-26T19:01:06","slug":"mini-foire-utrader-sur-le-recyclage-a-lome","status":"publish","type":"post","link":"https:\/\/www.ecoconscience.tv\/mini-foire-utrader-sur-le-recyclage-a-lome\/","title":{"rendered":"Mini-Foire UTRADER  sur le recyclage \u00e0 Lom\u00e9"},"content":{"rendered":"\n<p>Le 22 mars 2025 dernier, l&rsquo;entreprise <a href=\"https:\/\/thelivingstonesfamily.com\/utrader\/\" target=\"_blank\" rel=\"noreferrer noopener\">UTRADER<\/a> sp\u00e9cialis\u00e9 dans le collecte, de tri et de transformation des d\u00e9chets, a organis\u00e9 une mini-foire \u00e0 Lom\u00e9 sur le recyclage. Cette activit\u00e9 a mobilit\u00e9 les officiels, les leaders locaux et toutes les parties prenantes.<br>Cette foire d&rsquo;exposition et de vente vise \u00e0 faire d\u00e9couvrir une large gamme de produits fabriqu\u00e9s \u00e0 partir de d\u00e9chets recycl\u00e9s et d&rsquo;autres articles innovants issus de l&rsquo;usine UTRADER. Une rencontre \u00e0 travers laquelle, la premi\u00e8re responsable Mme Olatokunbo Ige a sensibilis\u00e9 sur la gestion des d\u00e9chets et formul\u00e9 des recommandations \u00e0 l&rsquo;endroit des d\u00e9cideurs, et tous les acteurs pour une prise en compte du secteur de recyclage en faveur du d\u00e9veloppement durable et de l&rsquo;\u00e9conomie circulaire.<br>L\u2019\u00e9v\u00e9nement marque la journ\u00e9e mondiale de recyclage, c\u00e9l\u00e9br\u00e9e chaque 18 mars de l&rsquo;ann\u00e9e.<br>Retrouvez plus de d\u00e9tails dans ce compte rendu de #EcoConscienceTV<\/p>\n","protected":false},"excerpt":{"rendered":"<p>Le 22 mars 2025 dernier, l&rsquo;entreprise UTRADER sp\u00e9cialis\u00e9 dans le collecte, de tri et de transformation des d\u00e9chets, a organis\u00e9 une mini-foire \u00e0 Lom\u00e9 sur le recyclage. Cette activit\u00e9 a mobilit\u00e9 les officiels, les leaders locaux et toutes les parties prenantes.Cette foire d&rsquo;exposition et de vente vise \u00e0 faire d\u00e9couvrir une large gamme de produits [&hellip;]<\/p>\n","protected":false},"author":2,"featured_media":11329,"comment_status":"open","ping_status":"open","sticky":false,"template":"","format":"standard","meta":{"ec_post_video":"https:\/\/www.youtube.com\/watch?v=-9-GMryJulg"},"categories":[372,2],"tags":[2215,2217,2216,2218,2214],"odd":[],"_links":{"self":[{"href":"https:\/\/www.ecoconscience.tv\/api\/wp\/v2\/posts\/11325"}],"collection":[{"href":"https:\/\/www.ecoconscience.tv\/api\/wp\/v2\/posts"}],"about":[{"href":"https:\/\/www.ecoconscience.tv\/api\/wp\/v2\/types\/post"}],"author":[{"embeddable":true,"href":"https:\/\/www.ecoconscience.tv\/api\/wp\/v2\/users\/2"}],"replies":[{"embeddable":true,"href":"https:\/\/www.ecoconscience.tv\/api\/wp\/v2\/comments?post=11325"}],"version-history":[{"count":3,"href":"https:\/\/www.ecoconscience.tv\/api\/wp\/v2\/posts\/11325\/revisions"}],"predecessor-version":[{"id":11328,"href":"https:\/\/www.ecoconscience.tv\/api\/wp\/v2\/posts\/11325\/revisions\/11328"}],"wp:featuredmedia":[{"embeddable":true,"href":"https:\/\/www.ecoconscience.tv\/api\/wp\/v2\/media\/11329"}],"wp:attachment":[{"href":"https:\/\/www.ecoconscience.tv\/api\/wp\/v2\/media?parent=11325"}],"wp:term":[{"taxonomy":"category","embeddable":true,"href":"https:\/\/www.ecoconscience.tv\/api\/wp\/v2\/categories?post=11325"},{"taxonomy":"post_tag","embeddable":true,"href":"https:\/\/www.ecoconscience.tv\/api\/wp\/v2\/tags?post=11325"},{"taxonomy":"odd","embeddable":true,"href":"https:\/\/www.ecoconscience.tv\/api\/wp\/v2\/odd?post=11325"}],"curies":[{"name":"wp","href":"https:\/\/api.w.org\/{rel}","templated":true}]}}