{"id":11289,"date":"2024-06-13T00:39:04","date_gmt":"2024-06-13T00:39:04","guid":{"rendered":"https:\/\/www.ecoconscience.tv\/?p=11289"},"modified":"2024-06-13T00:39:06","modified_gmt":"2024-06-13T00:39:06","slug":"enjeu-climat-les-eleves-du-lycee-baguida-definissent-leur-vision-2030","status":"publish","type":"post","link":"https:\/\/www.ecoconscience.tv\/enjeu-climat-les-eleves-du-lycee-baguida-definissent-leur-vision-2030\/","title":{"rendered":"Enjeu Climat : Les \u00e9l\u00e8ves du Lyc\u00e9e Baguida d\u00e9finissent leur Vision 2030"},"content":{"rendered":"\n<p>Apr\u00e8s leurs diff\u00e9rentes sessions de diagnostics participatifs sur les al\u00e9as climatiques, les \u00e9l\u00e8ves du club d&rsquo;environnement du lyc\u00e9e de Baguida sont en phase de d\u00e9finition par eux-m\u00eames de leur vision pour leur lyc\u00e9e d&rsquo;ici 2030.<\/p>\n\n\n\n<p>Lors d&rsquo;une seance de travail en groupe, les \u00e9l\u00e8ves ont pour la premi\u00e8re fois utilis\u00e9 le <a href=\"https:\/\/fr.wikipedia.org\/wiki\/Pictogramme\" target=\"_blank\" rel=\"noreferrer noopener\">pictogramme<\/a> pour d\u00e9finir leur vision. <\/p>\n\n\n\n<p>Ces travaux s&rsquo;inscrivent dans le cadre du <a href=\"https:\/\/gret.org\/projet\/enjeu_climat\/?fbclid=IwZXh0bgNhZW0CMTEAAR2zCtGuk6bvOzGxCM6gyqqP97s7yE02Za1rSiWdtsNm83peDZ_wAC0GPqU_aem_ATvr8E375E54NuOQfPz2-ld1WkvPbLZAsHBJp9Z3FpMxnNRJs9bgCUMHCT2BwcIVByrEgB15SiX0ofKr1WV5SMJz\" target=\"_blank\" rel=\"noreferrer noopener\">projet Enjeu Climat<\/a> financ\u00e9 par l&rsquo;<a href=\"https:\/\/www.facebook.com\/GretTogo\/\" target=\"_blank\" rel=\"noreferrer noopener\">ONG Gret Togo<\/a>. A travers ce projet, les \u00e9l\u00e8ves sont eux-m\u00eames des acteurs de changement face aux enjeux climatiques que connaissent leur lyc\u00e9e et leur localit\u00e9. <\/p>\n\n\n\n<p>Plus de d\u00e9tails sur cette seance pratique dans ce reportage sign\u00e9 en camera par l&rsquo;\u00e9l\u00e8ve <strong><em>D\u00e9bora ZANKOU en classe de 2nde S2, membre du club environnement du Lycee Baguida.<\/em><\/strong><\/p>\n","protected":false},"excerpt":{"rendered":"<p>Apr\u00e8s leurs diff\u00e9rentes sessions de diagnostics participatifs sur les al\u00e9as climatiques, les \u00e9l\u00e8ves du club d&rsquo;environnement du lyc\u00e9e de Baguida sont en phase de d\u00e9finition par eux-m\u00eames de leur vision pour leur lyc\u00e9e d&rsquo;ici 2030. Lors d&rsquo;une seance de travail en groupe, les \u00e9l\u00e8ves ont pour la premi\u00e8re fois utilis\u00e9 le pictogramme pour d\u00e9finir leur [&hellip;]<\/p>\n","protected":false},"author":2,"featured_media":11290,"comment_status":"open","ping_status":"open","sticky":false,"template":"","format":"standard","meta":{"ec_post_video":"https:\/\/www.youtube.com\/watch?v=RrP_is15EJY"},"categories":[372,2],"tags":[2189,2167,2166,2190],"odd":[649,607],"_links":{"self":[{"href":"https:\/\/www.ecoconscience.tv\/api\/wp\/v2\/posts\/11289"}],"collection":[{"href":"https:\/\/www.ecoconscience.tv\/api\/wp\/v2\/posts"}],"about":[{"href":"https:\/\/www.ecoconscience.tv\/api\/wp\/v2\/types\/post"}],"author":[{"embeddable":true,"href":"https:\/\/www.ecoconscience.tv\/api\/wp\/v2\/users\/2"}],"replies":[{"embeddable":true,"href":"https:\/\/www.ecoconscience.tv\/api\/wp\/v2\/comments?post=11289"}],"version-history":[{"count":2,"href":"https:\/\/www.ecoconscience.tv\/api\/wp\/v2\/posts\/11289\/revisions"}],"predecessor-version":[{"id":11292,"href":"https:\/\/www.ecoconscience.tv\/api\/wp\/v2\/posts\/11289\/revisions\/11292"}],"wp:featuredmedia":[{"embeddable":true,"href":"https:\/\/www.ecoconscience.tv\/api\/wp\/v2\/media\/11290"}],"wp:attachment":[{"href":"https:\/\/www.ecoconscience.tv\/api\/wp\/v2\/media?parent=11289"}],"wp:term":[{"taxonomy":"category","embeddable":true,"href":"https:\/\/www.ecoconscience.tv\/api\/wp\/v2\/categories?post=11289"},{"taxonomy":"post_tag","embeddable":true,"href":"https:\/\/www.ecoconscience.tv\/api\/wp\/v2\/tags?post=11289"},{"taxonomy":"odd","embeddable":true,"href":"https:\/\/www.ecoconscience.tv\/api\/wp\/v2\/odd?post=11289"}],"curies":[{"name":"wp","href":"https:\/\/api.w.org\/{rel}","templated":true}]}}