{"id":11243,"date":"2023-12-18T15:01:54","date_gmt":"2023-12-18T15:01:54","guid":{"rendered":"https:\/\/www.ecoconscience.tv\/?p=11243"},"modified":"2023-12-28T11:48:41","modified_gmt":"2023-12-28T11:48:41","slug":"climat-et-dechets-y-a-t-il-un-lien","status":"publish","type":"post","link":"https:\/\/www.ecoconscience.tv\/climat-et-dechets-y-a-t-il-un-lien\/","title":{"rendered":"\u00ab\u00a0Climat et D\u00e9chets\u00a0\u00bb, y a-t-il un lien ?"},"content":{"rendered":"\n<p>\u00ab\u00a0Climat et D\u00e9chets\u00a0\u00bb, y a-t-il un lien ? D\u00e9couvrez la r\u00e9ponse dans ce sp\u00e9cial num\u00e9ro \u00ab\u00a0Ecologie et Conscience\u00a0\u00bb avec nos invit\u00e9s Nofouh DARE, Assistante technique D\u00e9chets et Alex SANKARGOU, Responsable d&rsquo;Animation \u00e0 l<a href=\"https:\/\/gret.org\/qui-sommes-nous\/\" target=\"_blank\" rel=\"noreferrer noopener\">&lsquo;ONG GRET<\/a> Togo.<\/p>\n\n\n\n<p> Dans ce num\u00e9ro sp\u00e9cifiquement, nous d\u00e9couvrons les actions de Gret au Togo et son nouveau projet ENJEU CLIMAT qui sera bient\u00f4t lanc\u00e9 dans une approche de Coconstruction au Togo avec les jeunes. En quoi consiste r\u00e9ellement ce projet ? Nous vous en parlons dans cet entretien. <\/p>\n\n\n\n<p>Bienvenu.es<\/p>\n\n\n\n<p><a href=\"https:\/\/www.youtube.com\/hashtag\/ecoconsciencetv\">#EcoConscienceTV<\/a><\/p>\n","protected":false},"excerpt":{"rendered":"<p>\u00ab\u00a0Climat et D\u00e9chets\u00a0\u00bb, y a-t-il un lien ? D\u00e9couvrez la r\u00e9ponse dans ce sp\u00e9cial num\u00e9ro \u00ab\u00a0Ecologie et Conscience\u00a0\u00bb avec nos invit\u00e9s Nofouh DARE, Assistante technique D\u00e9chets et Alex SANKARGOU, Responsable d&rsquo;Animation \u00e0 l&lsquo;ONG GRET Togo. Dans ce num\u00e9ro sp\u00e9cifiquement, nous d\u00e9couvrons les actions de Gret au Togo et son nouveau projet ENJEU CLIMAT qui sera [&hellip;]<\/p>\n","protected":false},"author":2,"featured_media":11244,"comment_status":"open","ping_status":"open","sticky":false,"template":"","format":"standard","meta":{"ec_post_video":"https:\/\/www.youtube.com\/watch?v=OwvjXGxai-Q"},"categories":[372,2085,1190],"tags":[],"odd":[607,615],"_links":{"self":[{"href":"https:\/\/www.ecoconscience.tv\/api\/wp\/v2\/posts\/11243"}],"collection":[{"href":"https:\/\/www.ecoconscience.tv\/api\/wp\/v2\/posts"}],"about":[{"href":"https:\/\/www.ecoconscience.tv\/api\/wp\/v2\/types\/post"}],"author":[{"embeddable":true,"href":"https:\/\/www.ecoconscience.tv\/api\/wp\/v2\/users\/2"}],"replies":[{"embeddable":true,"href":"https:\/\/www.ecoconscience.tv\/api\/wp\/v2\/comments?post=11243"}],"version-history":[{"count":6,"href":"https:\/\/www.ecoconscience.tv\/api\/wp\/v2\/posts\/11243\/revisions"}],"predecessor-version":[{"id":11250,"href":"https:\/\/www.ecoconscience.tv\/api\/wp\/v2\/posts\/11243\/revisions\/11250"}],"wp:featuredmedia":[{"embeddable":true,"href":"https:\/\/www.ecoconscience.tv\/api\/wp\/v2\/media\/11244"}],"wp:attachment":[{"href":"https:\/\/www.ecoconscience.tv\/api\/wp\/v2\/media?parent=11243"}],"wp:term":[{"taxonomy":"category","embeddable":true,"href":"https:\/\/www.ecoconscience.tv\/api\/wp\/v2\/categories?post=11243"},{"taxonomy":"post_tag","embeddable":true,"href":"https:\/\/www.ecoconscience.tv\/api\/wp\/v2\/tags?post=11243"},{"taxonomy":"odd","embeddable":true,"href":"https:\/\/www.ecoconscience.tv\/api\/wp\/v2\/odd?post=11243"}],"curies":[{"name":"wp","href":"https:\/\/api.w.org\/{rel}","templated":true}]}}