{"id":1123,"date":"2017-01-20T22:02:23","date_gmt":"2017-01-20T22:02:23","guid":{"rendered":"https:\/\/www.ecoconscience.tv\/?p=1123"},"modified":"2017-01-23T22:17:31","modified_gmt":"2017-01-23T22:17:31","slug":"lutte-communautaire-contre-les-drogues-au-togo-ance-cnad-et-cadca-lancent-les-activites-a-lome","status":"publish","type":"post","link":"https:\/\/www.ecoconscience.tv\/lutte-communautaire-contre-les-drogues-au-togo-ance-cnad-et-cadca-lancent-les-activites-a-lome\/","title":{"rendered":"Lutte communautaire contre les drogues au Togo : ANCE, CNAD et CADCA lancent les activit\u00e9s \u00e0 Lom\u00e9"},"content":{"rendered":"<p style=\"text-align: justify;\"><span style=\"color: #808080;\"><strong><em>La Coalition Anti-Drogue des Communaut\u00e9s d\u2019Am\u00e9rique (CADCA) a d\u00e9velopp\u00e9 et mis en \u0153uvre une approche communautaire de lutte contre les drogues dans plus de vingt-trois pays dans le monde. Dans le but de mettre en \u0153uvre cette approche au Togo, l\u2019ONG ANCE-Togo, sur recommandation du Minist\u00e8re de la S\u00e9curit\u00e9 et de la Protection Civile et du Comit\u00e9\u00a0 National Anti-Drogue (CNAD), met en \u0153uvre ce projet pilote dans deux communaut\u00e9s \u00e0 Lom\u00e9. Les premiers ateliers de formation ont eu lieu les 09 et 10 janvier 2017 \u00e0 Agbal\u00e9p\u00e9dogan au si\u00e8ge de l\u2019ANCE-Togo et les 11 et 12 janvier 2017 \u00e0 K\u00e9gu\u00e9 \u00e0 l\u2019h\u00f4tel le Plaisir.<\/em><\/strong><\/span><\/p>\n<p style=\"text-align: justify;\">Cet atelier de renforcement des capacit\u00e9s des volontaires de l\u2019initiative pilote des coalitions communautaires anti-drogue sur la pr\u00e9vention des troubles li\u00e9s \u00e0 la consommation des substances psychoactives dans lesdits quartiers, fait partie d\u2019une s\u00e9rie d\u2019ateliers de d\u00e9veloppement des capacit\u00e9s des volontaires qui comprend onze (11) modules.<\/p>\n<p style=\"text-align: justify;\">L\u2019objectif g\u00e9n\u00e9ral de cet atelier est de promouvoir la pr\u00e9vention et la lutte contre les drogues illicites, l\u2019abus d\u2019alcoolet la consommation du tabac\u00a0 au sein des communaut\u00e9s.<\/p>\n<p style=\"text-align: justify;\">Les objectifs sp\u00e9cifiques\u00a0sont\u00a0: (i)Renforcer les capacit\u00e9s de soixante-dix (70) \u00e0\u00a0 quatre-vingt (80) volontaires des communaut\u00e9s d\u2019Agbal\u00e9p\u00e9dogan et de K\u00e9gu\u00e9 sur les \u00e9l\u00e9ments essentiels du d\u00e9veloppement de la coalition communautaire notamment\u00a0le diagnostic communautaire, le d\u00e9veloppement des capacit\u00e9s au sein des communaut\u00e9s, la planification des actions, la mise en \u0153uvre de la strat\u00e9gie\/actions et\u00a0l\u2019\u00e9valuation et (ii) Fournir une assistance\u00a0 logistique et mat\u00e9rielle au d\u00e9roulement des formations des coalitions.<\/p>\n<p style=\"text-align: justify;\">Afin de permettre aux communaut\u00e9s de mettre en place des coalitions de pr\u00e9vention des troubles li\u00e9s \u00e0 la consommation des substances psychoactives, CADCA a mis en \u0153uvre une strat\u00e9giebas\u00e9e sur\u00a0\u00a0<strong>le diagnostic<\/strong>, qui consiste \u00e0 recueillir des donn\u00e9es pour d\u00e9finir les probl\u00e8mes, les ressources et l\u2019aptitude d\u2019une zone g\u00e9ographique \u00e0 r\u00e9pondre aux besoins et combler les lacunes\u00a0; l<strong>a capacit\u00e9<\/strong>, c&rsquo;est-\u00e0-dire mobiliser et\/ou renforcer la capacit\u00e9 d\u2019une zone g\u00e9ographique \u00e0 r\u00e9pondre aux besoins\u00a0;<strong>la planification<\/strong> qui permet de d\u00e9velopper un plan strat\u00e9gique global incluant une politique, des programmes et des pratiques en cr\u00e9ant un plan logique et soutenu par le recueillement de donn\u00e9es afin de r\u00e9soudre les probl\u00e8mes identifi\u00e9s dans le diagnostic\u00a0; l<strong>a mise en \u0153uvre<\/strong>, qui consiste \u00e0 mettre en \u0153uvre des programmes, des politiques et des pratiques de pr\u00e9vention qui sont fond\u00e9s sur des donn\u00e9es empiriques\u00a0; l<strong>\u2019\u00e9valuation<\/strong>, qui consiste \u00e0 mesurer l\u2019impact du Cadre Strat\u00e9gique de Pr\u00e9vention (CSP), ses programmes, ses politiques et ses pratiques et enfin la <strong>durabilit\u00e9<\/strong>, qui consiste \u00e0 p\u00e9renniser les activit\u00e9s inclues dans le plan strat\u00e9gique.<\/p>\n<p style=\"text-align: justify;\">Durant ces deux (02) jours de formation dans chaque communaut\u00e9, les volontaires issus des douze (12) secteurs \u00e0 savoir les adolescents\/jeunes\u00a0; les parents, les affaires et commerce\u00a0; les m\u00e9dias\u00a0; l\u2019\u00e9ducation publique et priv\u00e9e\u00a0; les organismes servant les jeunes\u00a0; les organisations religieuses et fraternelles\u00a0; la justice\u00a0; les groupes civiques\u00a0; les professionnels de la sant\u00e9\u00a0; les organismes gouvernementaux et les ONGs d\u00e9di\u00e9es \u00e0 la lutte contre la toxicomanie ont \u00e9t\u00e9 entretenus par les deux experts formateurs de CADCA\u00a0qui sont M. Beno\u00eet DAGADU et Dr EDWARD Hernandez.<\/p>\n<p style=\"text-align: justify;\">Les participants ont \u00e9t\u00e9 form\u00e9s sur les modules suivants\u00a0: (i) l\u2019aper\u00e7u sur la pr\u00e9vention\u00a0 et le renforcement de la coalition et (ii) le diagnostic communautaire.<\/p>\n<p style=\"text-align: justify;\">Cette formation a permis \u00e0 ces volontaires de comprendre la notion d\u2019une coalition communautaire, les strat\u00e9gies de pr\u00e9vention, le bien fond\u00e9 d\u2019un diagnostic communautaire afin d\u2019identifier les drogues consomm\u00e9es, les lieux de consommation et les personnes qui les consomment dans les deux (02) communaut\u00e9s.<\/p>\n<p style=\"text-align: justify;\">Les formateurs ont \u00e9t\u00e9 charm\u00e9s et tr\u00e8s enthousiasm\u00e9s par l\u2019ambiance qui a r\u00e9gn\u00e9 pendant la formation, les d\u00e9bats et les s\u00e9ances de travaux de groupe\u00a0; ce qui a facilit\u00e9 la transmission des connaissances et le partage d\u2019exp\u00e9riences.Rappelons que cette formation des volontaires n\u2019est qu\u2019une \u00e9tape de la s\u00e9rie \u00a0des modules programm\u00e9s.<\/p>\n<p style=\"text-align: justify;\">L\u2019atelier a d\u00e9marr\u00e9 par le mot de bienvenue du Dr Fabrice EBEH, Directeur Ex\u00e9cutif de l\u2019ANCE-Togo ; ont suivi les mots introductifs des deux chefs traditionnels des quartiers d\u2019Agbal\u00e9p\u00e9dogan et de K\u00e9gu\u00e9, des repr\u00e9sentants de CADCA, du Commandant AMAYI Kossi, Secr\u00e9taire Permanent de CNAD et du Lieutenant-colonel BARAGOU Bamana, repr\u00e9sentant du Ministre de la S\u00e9curit\u00e9 et de la Protection Civilqui a ouvert les travaux des deux ateliers.<\/p>\n<p style=\"text-align: justify;\">Le Directeur Ex\u00e9cutif de l\u2019ANCE-Togo, Dr Fabrice EBEH se dit satisfait de la qualit\u00e9 et de l\u2019expertise dont ont fait preuve les formateurs de CADCA durant ces s\u00e9ances de formation. Il a \u00e9galement salu\u00e9 le Minist\u00e8re de la S\u00e9curit\u00e9 et de la Protection Civile et le CNAD pour la confiance port\u00e9e \u00e0 son organisation pour abriter et mettre en \u0153uvre ce projet pilote au Togo et a r\u00e9affirm\u00e9 son engagement et celui de son organisation \u00e0 soutenir les efforts du gouvernement \u00e0 lutter contre les drogues au Togo.Il a exhort\u00e9 enfin les participants \u00e0 bien utiliser les connaissances acquises pour promouvoir des communaut\u00e9s saines, sans drogues au Togo.<\/p>\n<p style=\"text-align: justify;\"><span style=\"color: #008000;\"><em><strong>Source ANCE<\/strong><\/em><\/span><\/p>\n","protected":false},"excerpt":{"rendered":"<p>La Coalition Anti-Drogue des Communaut\u00e9s d\u2019Am\u00e9rique (CADCA) a d\u00e9velopp\u00e9 et mis en \u0153uvre une approche communautaire de lutte contre les drogues dans plus de vingt-trois pays dans le monde. Dans le but de mettre en \u0153uvre cette approche au Togo, l\u2019ONG ANCE-Togo, sur recommandation du Minist\u00e8re de la S\u00e9curit\u00e9 et de la Protection Civile et [&hellip;]<\/p>\n","protected":false},"author":2,"featured_media":1124,"comment_status":"open","ping_status":"open","sticky":false,"template":"","format":"standard","meta":{"ec_post_video":""},"categories":[372],"tags":[399],"odd":[],"_links":{"self":[{"href":"https:\/\/www.ecoconscience.tv\/api\/wp\/v2\/posts\/1123"}],"collection":[{"href":"https:\/\/www.ecoconscience.tv\/api\/wp\/v2\/posts"}],"about":[{"href":"https:\/\/www.ecoconscience.tv\/api\/wp\/v2\/types\/post"}],"author":[{"embeddable":true,"href":"https:\/\/www.ecoconscience.tv\/api\/wp\/v2\/users\/2"}],"replies":[{"embeddable":true,"href":"https:\/\/www.ecoconscience.tv\/api\/wp\/v2\/comments?post=1123"}],"version-history":[{"count":2,"href":"https:\/\/www.ecoconscience.tv\/api\/wp\/v2\/posts\/1123\/revisions"}],"predecessor-version":[{"id":1126,"href":"https:\/\/www.ecoconscience.tv\/api\/wp\/v2\/posts\/1123\/revisions\/1126"}],"wp:featuredmedia":[{"embeddable":true,"href":"https:\/\/www.ecoconscience.tv\/api\/wp\/v2\/media\/1124"}],"wp:attachment":[{"href":"https:\/\/www.ecoconscience.tv\/api\/wp\/v2\/media?parent=1123"}],"wp:term":[{"taxonomy":"category","embeddable":true,"href":"https:\/\/www.ecoconscience.tv\/api\/wp\/v2\/categories?post=1123"},{"taxonomy":"post_tag","embeddable":true,"href":"https:\/\/www.ecoconscience.tv\/api\/wp\/v2\/tags?post=1123"},{"taxonomy":"odd","embeddable":true,"href":"https:\/\/www.ecoconscience.tv\/api\/wp\/v2\/odd?post=1123"}],"curies":[{"name":"wp","href":"https:\/\/api.w.org\/{rel}","templated":true}]}}