{"id":11185,"date":"2023-06-15T09:07:10","date_gmt":"2023-06-15T09:07:10","guid":{"rendered":"https:\/\/www.ecoconscience.tv\/?p=11185"},"modified":"2023-06-15T10:50:28","modified_gmt":"2023-06-15T10:50:28","slug":"les-b-a-ba-du-climat-et-de-la-biodiversite","status":"publish","type":"post","link":"https:\/\/www.ecoconscience.tv\/les-b-a-ba-du-climat-et-de-la-biodiversite\/","title":{"rendered":"Les B.A &#8211; BA du climat et de la biodiversit\u00e9"},"content":{"rendered":"\n<p><a href=\"https:\/\/www.facebook.com\/EcoConscienceTV?__cft__[0]=AZUEtLoEtQoylSbMbvDa-5gM3QrwjUTTUZjvyp072rvEUnbCEeNNDVGY4V5W3C8wlGbTuC5jGJNhBSPIxMhCQnQOE_xaxJMpItsPQnGA6GoD9EIp57VgT3xdaN7KGle7JrIid2AGgG1mMOMj_2eV5GNW5E-EqzVVIB8U29aWdus-fXTcQVCdheOxIqDX76G6MmY&amp;__tn__=%3C%2CP-R\"><\/a><\/p>\n\n\n\n<p><a href=\"https:\/\/www.facebook.com\/hashtag\/ecoconsciencetv?__eep__=6&amp;__cft__[0]=AZUEtLoEtQoylSbMbvDa-5gM3QrwjUTTUZjvyp072rvEUnbCEeNNDVGY4V5W3C8wlGbTuC5jGJNhBSPIxMhCQnQOE_xaxJMpItsPQnGA6GoD9EIp57VgT3xdaN7KGle7JrIid2AGgG1mMOMj_2eV5GNW5E-EqzVVIB8U29aWdus-fXTcQVCdheOxIqDX76G6MmY&amp;__tn__=*NK-R\">#EcoConscienceTV<\/a><\/p>\n\n\n\n<p><img loading=\"lazy\" src=\"https:\/\/www.facebook.com\/images\/assets_DO_NOT_HARDCODE\/facebook_icons\/question-circle_filled_24_fds-secondary-icon.png\" alt=\"\" width=\"12\" height=\"12\"> <img loading=\"lazy\" src=\"https:\/\/static.xx.fbcdn.net\/images\/emoji.php\/v9\/t94\/1\/16\/1f49a.png\" alt=\"\ud83d\udc9a\" width=\"16\" height=\"16\">Apprendre \u00e0 bien conna\u00eetre ce qu&rsquo;on dit sur le <a href=\"https:\/\/www.facebook.com\/hashtag\/climat?__eep__=6&amp;__cft__[0]=AZUEtLoEtQoylSbMbvDa-5gM3QrwjUTTUZjvyp072rvEUnbCEeNNDVGY4V5W3C8wlGbTuC5jGJNhBSPIxMhCQnQOE_xaxJMpItsPQnGA6GoD9EIp57VgT3xdaN7KGle7JrIid2AGgG1mMOMj_2eV5GNW5E-EqzVVIB8U29aWdus-fXTcQVCdheOxIqDX76G6MmY&amp;__tn__=*NK-R\">#climat<\/a> et la <a href=\"https:\/\/www.facebook.com\/hashtag\/biodiversit%C3%A9?__eep__=6&amp;__cft__[0]=AZUEtLoEtQoylSbMbvDa-5gM3QrwjUTTUZjvyp072rvEUnbCEeNNDVGY4V5W3C8wlGbTuC5jGJNhBSPIxMhCQnQOE_xaxJMpItsPQnGA6GoD9EIp57VgT3xdaN7KGle7JrIid2AGgG1mMOMj_2eV5GNW5E-EqzVVIB8U29aWdus-fXTcQVCdheOxIqDX76G6MmY&amp;__tn__=*NK-R\">#biodiversit\u00e9<\/a> est tr\u00e8s important <img loading=\"lazy\" src=\"https:\/\/static.xx.fbcdn.net\/images\/emoji.php\/v9\/t7b\/1\/16\/1f44c.png\" alt=\"\ud83d\udc4c\" width=\"16\" height=\"16\"><\/p>\n\n\n\n<p><img loading=\"lazy\" src=\"https:\/\/static.xx.fbcdn.net\/images\/emoji.php\/v9\/tb0\/1\/16\/1f3af.png\" alt=\"\ud83c\udfaf\" width=\"16\" height=\"16\"> Qu&rsquo;est-ce que le changement climatique ? Quels sont les termes cl\u00e9 \u00e0 comprendre sur les questions de Changements climatiques et de la biodiversit\u00e9 ?<\/p>\n\n\n\n<p>D\u00e9couvres  les B.A &#8211; BA du climat et de la biodiversit\u00e9 <img loading=\"lazy\" width=\"16\" height=\"16\" src=\"https:\/\/static.xx.fbcdn.net\/images\/emoji.php\/v9\/t94\/1\/16\/1f49a.png\" alt=\"\ud83d\udc9a\"><img loading=\"lazy\" width=\"16\" height=\"16\" src=\"https:\/\/static.xx.fbcdn.net\/images\/emoji.php\/v9\/t69\/1\/16\/1f331.png\" alt=\"\ud83c\udf31\"> \u00e0 travers ce lien ci dessous d&rsquo;une formation produite par CNED <img loading=\"lazy\" width=\"16\" height=\"16\" src=\"https:\/\/static.xx.fbcdn.net\/images\/emoji.php\/v9\/t4f\/1\/16\/1f447.png\" alt=\"\ud83d\udc47\"><\/p>\n\n\n\n<p><a href=\"https:\/\/climat.cned.fr\/formations\/changement-climatique\/?fbclid=IwAR3BlVsK9SYtEhfAitHSzFqnUm0SNKw8_3Gk8v_s7PSl2lq7R4wt7y1Tl9E\" target=\"_blank\" rel=\"noreferrer noopener\">https:\/\/climat.cned.fr\/formations\/changement-climatique<\/a><\/p>\n\n\n\n<figure class=\"wp-block-image size-full\"><a href=\"https:\/\/www.ecoconscience.tv\/wp-content\/uploads\/2023\/06\/VSDSR.png\"><img loading=\"lazy\" width=\"683\" height=\"381\" src=\"https:\/\/www.ecoconscience.tv\/wp-content\/uploads\/2023\/06\/VSDSR.png\" alt=\"\" class=\"wp-image-11186\" srcset=\"https:\/\/www.ecoconscience.tv\/wp-content\/uploads\/2023\/06\/VSDSR.png 683w, https:\/\/www.ecoconscience.tv\/wp-content\/uploads\/2023\/06\/VSDSR-300x167.png 300w, https:\/\/www.ecoconscience.tv\/wp-content\/uploads\/2023\/06\/VSDSR-253x142.png 253w\" sizes=\"(max-width: 683px) 100vw, 683px\" \/><\/a><\/figure>\n","protected":false},"excerpt":{"rendered":"<p>#EcoConscienceTV Apprendre \u00e0 bien conna\u00eetre ce qu&rsquo;on dit sur le #climat et la #biodiversit\u00e9 est tr\u00e8s important Qu&rsquo;est-ce que le changement climatique ? Quels sont les termes cl\u00e9 \u00e0 comprendre sur les questions de Changements climatiques et de la biodiversit\u00e9 ? D\u00e9couvres les B.A &#8211; BA du climat et de la biodiversit\u00e9 \u00e0 travers ce [&hellip;]<\/p>\n","protected":false},"author":2,"featured_media":11186,"comment_status":"open","ping_status":"open","sticky":false,"template":"","format":"standard","meta":{"ec_post_video":""},"categories":[372],"tags":[2135,2136],"odd":[645,649,611],"_links":{"self":[{"href":"https:\/\/www.ecoconscience.tv\/api\/wp\/v2\/posts\/11185"}],"collection":[{"href":"https:\/\/www.ecoconscience.tv\/api\/wp\/v2\/posts"}],"about":[{"href":"https:\/\/www.ecoconscience.tv\/api\/wp\/v2\/types\/post"}],"author":[{"embeddable":true,"href":"https:\/\/www.ecoconscience.tv\/api\/wp\/v2\/users\/2"}],"replies":[{"embeddable":true,"href":"https:\/\/www.ecoconscience.tv\/api\/wp\/v2\/comments?post=11185"}],"version-history":[{"count":6,"href":"https:\/\/www.ecoconscience.tv\/api\/wp\/v2\/posts\/11185\/revisions"}],"predecessor-version":[{"id":11194,"href":"https:\/\/www.ecoconscience.tv\/api\/wp\/v2\/posts\/11185\/revisions\/11194"}],"wp:featuredmedia":[{"embeddable":true,"href":"https:\/\/www.ecoconscience.tv\/api\/wp\/v2\/media\/11186"}],"wp:attachment":[{"href":"https:\/\/www.ecoconscience.tv\/api\/wp\/v2\/media?parent=11185"}],"wp:term":[{"taxonomy":"category","embeddable":true,"href":"https:\/\/www.ecoconscience.tv\/api\/wp\/v2\/categories?post=11185"},{"taxonomy":"post_tag","embeddable":true,"href":"https:\/\/www.ecoconscience.tv\/api\/wp\/v2\/tags?post=11185"},{"taxonomy":"odd","embeddable":true,"href":"https:\/\/www.ecoconscience.tv\/api\/wp\/v2\/odd?post=11185"}],"curies":[{"name":"wp","href":"https:\/\/api.w.org\/{rel}","templated":true}]}}