{"id":11103,"date":"2023-02-28T13:34:59","date_gmt":"2023-02-28T13:34:59","guid":{"rendered":"https:\/\/www.ecoconscience.tv\/?p=11103"},"modified":"2023-02-28T13:35:03","modified_gmt":"2023-02-28T13:35:03","slug":"restitution-du-forum-des-producteurs-agricoles-du-togo-fopat-atakpame-aux-populations-agricoles-de-logou3","status":"publish","type":"post","link":"https:\/\/www.ecoconscience.tv\/restitution-du-forum-des-producteurs-agricoles-du-togo-fopat-atakpame-aux-populations-agricoles-de-logou3\/","title":{"rendered":"Restitution du Forum des producteurs agricoles du Togo (FoPAT) Atakpame aux populations agricoles de l&rsquo;Ogou3"},"content":{"rendered":"\n<p>\u00c9cho des Communes : Commune Ogou 3 \u2705\ufe0f<br>La journ\u00e9e de 26 f\u00e9vrier a \u00e9t\u00e9 marqu\u00e9e par la restitution du Forum des producteurs agricoles du Togo (FoPAT) Atakpame aux populations agricole de l&rsquo;Ogou3. Elle a connu la pr\u00e9sence de l&rsquo;Ambassadeur de France au Togo, le Ministre de la Communication et des M\u00e9dias et plusieurs autorit\u00e9s du pays aux cot\u00e9s de la population de l&rsquo;Ogou3.<\/p>\n\n\n\n<figure class=\"wp-container-2 wp-block-gallery-1 wp-block-gallery has-nested-images columns-default is-cropped\">\n<figure class=\"wp-block-image size-large\"><a href=\"https:\/\/www.ecoconscience.tv\/wp-content\/uploads\/2023\/02\/Ogou3_2.jpg\"><img loading=\"lazy\" width=\"1024\" height=\"682\" data-id=\"11107\"  src=\"https:\/\/www.ecoconscience.tv\/wp-content\/uploads\/2023\/02\/Ogou3_2-1024x682.jpg\" alt=\"\" class=\"wp-image-11107\" srcset=\"https:\/\/www.ecoconscience.tv\/wp-content\/uploads\/2023\/02\/Ogou3_2-1024x682.jpg 1024w, https:\/\/www.ecoconscience.tv\/wp-content\/uploads\/2023\/02\/Ogou3_2-300x200.jpg 300w, https:\/\/www.ecoconscience.tv\/wp-content\/uploads\/2023\/02\/Ogou3_2-768x512.jpg 768w, https:\/\/www.ecoconscience.tv\/wp-content\/uploads\/2023\/02\/Ogou3_2.jpg 1280w\" sizes=\"(max-width: 1024px) 100vw, 1024px\" \/><\/a><\/figure>\n<\/figure>\n\n\n\n<p><br>Pour les premiers responsables de la dite commune, cette restitution est une action importante, car<em><strong> \u00ab\u00a0\u00e9tant une commune essentiellement agricole, il r\u00e9v\u00e8le d&rsquo;une importance capitale de restituer ce forum d\u00a0\u00bbAtakpam\u00e9 aux populations agricoles afin de faire b\u00e9n\u00e9ficier les atouts dudit forum \u00e0 ces derniers.\u00a0\u00bb<\/strong><\/em><br><\/p>\n\n\n\n<p>Lors de cette rencontre, la Dame Nature a b\u00e9n\u00e9fici\u00e9 des actions de reboisement : centaines de jeunes plants on \u00e9t\u00e9 mis en terre\ud83c\udfe1\ud83c\udf33\ud83c\udf33\ud83c\udf33\ud83c\udf33\ud83c\udf33. <\/p>\n\n\n\n<figure class=\"wp-container-4 wp-block-gallery-3 wp-block-gallery has-nested-images columns-default is-cropped\">\n<figure class=\"wp-block-image size-large\"><a href=\"https:\/\/www.ecoconscience.tv\/wp-content\/uploads\/2023\/02\/Ogou3_4.jpg\"><img loading=\"lazy\" width=\"1024\" height=\"682\" data-id=\"11105\"  src=\"https:\/\/www.ecoconscience.tv\/wp-content\/uploads\/2023\/02\/Ogou3_4-1024x682.jpg\" alt=\"\" class=\"wp-image-11105\" srcset=\"https:\/\/www.ecoconscience.tv\/wp-content\/uploads\/2023\/02\/Ogou3_4-1024x682.jpg 1024w, https:\/\/www.ecoconscience.tv\/wp-content\/uploads\/2023\/02\/Ogou3_4-300x200.jpg 300w, https:\/\/www.ecoconscience.tv\/wp-content\/uploads\/2023\/02\/Ogou3_4-768x512.jpg 768w, https:\/\/www.ecoconscience.tv\/wp-content\/uploads\/2023\/02\/Ogou3_4.jpg 1280w\" sizes=\"(max-width: 1024px) 100vw, 1024px\" \/><\/a><\/figure>\n\n\n\n<figure class=\"wp-block-image size-large\"><a href=\"https:\/\/www.ecoconscience.tv\/wp-content\/uploads\/2023\/02\/Ogou3_5.jpg\"><img loading=\"lazy\" width=\"1024\" height=\"683\" data-id=\"11104\"  src=\"https:\/\/www.ecoconscience.tv\/wp-content\/uploads\/2023\/02\/Ogou3_5-1024x683.jpg\" alt=\"\" class=\"wp-image-11104\" srcset=\"https:\/\/www.ecoconscience.tv\/wp-content\/uploads\/2023\/02\/Ogou3_5-1024x683.jpg 1024w, https:\/\/www.ecoconscience.tv\/wp-content\/uploads\/2023\/02\/Ogou3_5-300x200.jpg 300w, https:\/\/www.ecoconscience.tv\/wp-content\/uploads\/2023\/02\/Ogou3_5-768x512.jpg 768w, https:\/\/www.ecoconscience.tv\/wp-content\/uploads\/2023\/02\/Ogou3_5.jpg 1080w\" sizes=\"(max-width: 1024px) 100vw, 1024px\" \/><\/a><\/figure>\n\n\n\n<figure class=\"wp-block-image size-large\"><a href=\"https:\/\/www.ecoconscience.tv\/wp-content\/uploads\/2023\/02\/331697923_176101738222116_4920677896160352644_n.jpg\"><img loading=\"lazy\" width=\"1024\" height=\"682\" data-id=\"11106\"  src=\"https:\/\/www.ecoconscience.tv\/wp-content\/uploads\/2023\/02\/331697923_176101738222116_4920677896160352644_n-1024x682.jpg\" alt=\"\" class=\"wp-image-11106\" srcset=\"https:\/\/www.ecoconscience.tv\/wp-content\/uploads\/2023\/02\/331697923_176101738222116_4920677896160352644_n-1024x682.jpg 1024w, https:\/\/www.ecoconscience.tv\/wp-content\/uploads\/2023\/02\/331697923_176101738222116_4920677896160352644_n-300x200.jpg 300w, https:\/\/www.ecoconscience.tv\/wp-content\/uploads\/2023\/02\/331697923_176101738222116_4920677896160352644_n-768x512.jpg 768w, https:\/\/www.ecoconscience.tv\/wp-content\/uploads\/2023\/02\/331697923_176101738222116_4920677896160352644_n.jpg 1280w\" sizes=\"(max-width: 1024px) 100vw, 1024px\" \/><\/a><\/figure>\n<figcaption class=\"blocks-gallery-caption\"><em>L&rsquo;Ambassadeur de France au Togo et le Ministre de la Communication et des M\u00e9dias entrain de mettre en terre de jeunes plants<\/em><\/figcaption><\/figure>\n\n\n\n<p>Plus d&rsquo;infos sur la page <a href=\"https:\/\/www.facebook.com\/profile.php?id=100078463892681\" target=\"_blank\" rel=\"noreferrer noopener\">Facebook de la commune ogou3<\/a><br><a href=\"https:\/\/www.linkedin.com\/feed\/hashtag\/?keywords=ecoconsciencetv&amp;highlightedUpdateUrns=urn%3Ali%3Aactivity%3A7036316875626016768\">#EcoConscienceTV<\/a> <a href=\"https:\/\/www.linkedin.com\/feed\/hashtag\/?keywords=ogou3&amp;highlightedUpdateUrns=urn%3Ali%3Aactivity%3A7036316875626016768\">#ogou3<\/a> <\/p>\n","protected":false},"excerpt":{"rendered":"<p>\u00c9cho des Communes : Commune Ogou 3 \u2705\ufe0fLa journ\u00e9e de 26 f\u00e9vrier a \u00e9t\u00e9 marqu\u00e9e par la restitution du Forum des producteurs agricoles du Togo (FoPAT) Atakpame aux populations agricole de l&rsquo;Ogou3. Elle a connu la pr\u00e9sence de l&rsquo;Ambassadeur de France au Togo, le Ministre de la Communication et des M\u00e9dias et plusieurs autorit\u00e9s du [&hellip;]<\/p>\n","protected":false},"author":2,"featured_media":11108,"comment_status":"open","ping_status":"open","sticky":false,"template":"","format":"standard","meta":{"ec_post_video":""},"categories":[372,2085],"tags":[2106,2107,2105],"odd":[603,615],"_links":{"self":[{"href":"https:\/\/www.ecoconscience.tv\/api\/wp\/v2\/posts\/11103"}],"collection":[{"href":"https:\/\/www.ecoconscience.tv\/api\/wp\/v2\/posts"}],"about":[{"href":"https:\/\/www.ecoconscience.tv\/api\/wp\/v2\/types\/post"}],"author":[{"embeddable":true,"href":"https:\/\/www.ecoconscience.tv\/api\/wp\/v2\/users\/2"}],"replies":[{"embeddable":true,"href":"https:\/\/www.ecoconscience.tv\/api\/wp\/v2\/comments?post=11103"}],"version-history":[{"count":1,"href":"https:\/\/www.ecoconscience.tv\/api\/wp\/v2\/posts\/11103\/revisions"}],"predecessor-version":[{"id":11109,"href":"https:\/\/www.ecoconscience.tv\/api\/wp\/v2\/posts\/11103\/revisions\/11109"}],"wp:featuredmedia":[{"embeddable":true,"href":"https:\/\/www.ecoconscience.tv\/api\/wp\/v2\/media\/11108"}],"wp:attachment":[{"href":"https:\/\/www.ecoconscience.tv\/api\/wp\/v2\/media?parent=11103"}],"wp:term":[{"taxonomy":"category","embeddable":true,"href":"https:\/\/www.ecoconscience.tv\/api\/wp\/v2\/categories?post=11103"},{"taxonomy":"post_tag","embeddable":true,"href":"https:\/\/www.ecoconscience.tv\/api\/wp\/v2\/tags?post=11103"},{"taxonomy":"odd","embeddable":true,"href":"https:\/\/www.ecoconscience.tv\/api\/wp\/v2\/odd?post=11103"}],"curies":[{"name":"wp","href":"https:\/\/api.w.org\/{rel}","templated":true}]}}