{"id":11099,"date":"2023-02-21T19:05:44","date_gmt":"2023-02-21T19:05:44","guid":{"rendered":"https:\/\/www.ecoconscience.tv\/?p=11099"},"modified":"2023-02-21T19:06:32","modified_gmt":"2023-02-21T19:06:32","slug":"vivacites-appel-a-projets-odd-collectivites-locales-afrique-de-louest-de-loif","status":"publish","type":"post","link":"https:\/\/www.ecoconscience.tv\/vivacites-appel-a-projets-odd-collectivites-locales-afrique-de-louest-de-loif\/","title":{"rendered":"Vivacit\u00e9s \u2013 Appel \u00e0 projets ODD \u2013 Collectivit\u00e9s locales \u2013 Afrique de l\u2019Ouest  de l&rsquo;OIF"},"content":{"rendered":"\n<p>Dans le cadre du projet \u00ab&nbsp;<strong>Vivacit\u00e9s&nbsp;<\/strong>\u00bb, la Repr\u00e9sentation pour l\u2019Afrique de l\u2019Ouest de l\u2019Organisation internationale de la Francophonie (OIF) et l\u2019Institut de la Francophonie pour le d\u00e9veloppement durable (IFDD), organe subsidiaire de l\u2019OIF, lancent un appel \u00e0 projets pour soutenir l\u2019op\u00e9rationnalisation des objectifs de d\u00e9veloppement durable (ODD) dans les collectivit\u00e9s locales d\u2019Afrique de l\u2019Ouest.<\/p>\n\n\n\n<p>Plus concr\u00e8tement, il a pour objectif de&nbsp;:<\/p>\n\n\n\n<p>\u00b7 <strong>accompagner<\/strong> la prise en compte des dimensions et des objectifs de d\u00e9veloppement durable dans les processus d\u2019\u00e9laboration des plans locaux de d\u00e9veloppement (PLD) ; et<\/p>\n\n\n\n<p>\u00b7 <strong>appuyer<\/strong> la mise en \u0153uvre de projets structurants \u00e0 impact rapide issus des PLD qui contribuent \u00e0 la r\u00e9alisation des ODD dans les collectivit\u00e9s locales.<\/p>\n\n\n\n<p>L\u2019appel \u00e0 projets s\u2019adresse aux collectivit\u00e9s territoriales (r\u00e9gions, d\u00e9partements, communes, etc.) du <strong>B\u00e9nin, du Cabo Verde, <\/strong>de la<strong> C\u00f4te d\u2019Ivoire, <\/strong>de la<strong> Guin\u00e9e Bissau,<\/strong> du <strong>Niger, <\/strong>du<strong> S\u00e9n\u00e9gal<\/strong> et du <strong>Togo<\/strong>.<\/p>\n\n\n\n<p>\u00b7 <strong>Date de cl\u00f4ture<\/strong> :<strong> 2 avril 2023<\/strong>, 23h59 TU<\/p>\n\n\n\n<p>Voici le lien pour plus de d\u00e9tails : <a href=\"https:\/\/www.ifdd.francophonie.org\/vivacites-appel-a-projets-odd-collectivites-locales-afrique-de-louest\/\" target=\"_blank\" rel=\"noreferrer noopener\"> https:\/\/www.ifdd.francophonie.org\/vivacites-appel-a-projets-odd-collectivites-locales-afrique-de-louest\/<\/a><\/p>\n","protected":false},"excerpt":{"rendered":"<p>Dans le cadre du projet \u00ab&nbsp;Vivacit\u00e9s&nbsp;\u00bb, la Repr\u00e9sentation pour l\u2019Afrique de l\u2019Ouest de l\u2019Organisation internationale de la Francophonie (OIF) et l\u2019Institut de la Francophonie pour le d\u00e9veloppement durable (IFDD), organe subsidiaire de l\u2019OIF, lancent un appel \u00e0 projets pour soutenir l\u2019op\u00e9rationnalisation des objectifs de d\u00e9veloppement durable (ODD) dans les collectivit\u00e9s locales d\u2019Afrique de l\u2019Ouest. Plus [&hellip;]<\/p>\n","protected":false},"author":2,"featured_media":11100,"comment_status":"open","ping_status":"open","sticky":false,"template":"","format":"standard","meta":{"ec_post_video":""},"categories":[372,2085],"tags":[],"odd":[603],"_links":{"self":[{"href":"https:\/\/www.ecoconscience.tv\/api\/wp\/v2\/posts\/11099"}],"collection":[{"href":"https:\/\/www.ecoconscience.tv\/api\/wp\/v2\/posts"}],"about":[{"href":"https:\/\/www.ecoconscience.tv\/api\/wp\/v2\/types\/post"}],"author":[{"embeddable":true,"href":"https:\/\/www.ecoconscience.tv\/api\/wp\/v2\/users\/2"}],"replies":[{"embeddable":true,"href":"https:\/\/www.ecoconscience.tv\/api\/wp\/v2\/comments?post=11099"}],"version-history":[{"count":2,"href":"https:\/\/www.ecoconscience.tv\/api\/wp\/v2\/posts\/11099\/revisions"}],"predecessor-version":[{"id":11102,"href":"https:\/\/www.ecoconscience.tv\/api\/wp\/v2\/posts\/11099\/revisions\/11102"}],"wp:featuredmedia":[{"embeddable":true,"href":"https:\/\/www.ecoconscience.tv\/api\/wp\/v2\/media\/11100"}],"wp:attachment":[{"href":"https:\/\/www.ecoconscience.tv\/api\/wp\/v2\/media?parent=11099"}],"wp:term":[{"taxonomy":"category","embeddable":true,"href":"https:\/\/www.ecoconscience.tv\/api\/wp\/v2\/categories?post=11099"},{"taxonomy":"post_tag","embeddable":true,"href":"https:\/\/www.ecoconscience.tv\/api\/wp\/v2\/tags?post=11099"},{"taxonomy":"odd","embeddable":true,"href":"https:\/\/www.ecoconscience.tv\/api\/wp\/v2\/odd?post=11099"}],"curies":[{"name":"wp","href":"https:\/\/api.w.org\/{rel}","templated":true}]}}