{"id":10953,"date":"2023-02-06T10:43:45","date_gmt":"2023-02-06T10:43:45","guid":{"rendered":"https:\/\/www.ecoconscience.tv\/?p=10953"},"modified":"2023-02-06T10:56:37","modified_gmt":"2023-02-06T10:56:37","slug":"10953-2","status":"publish","type":"post","link":"https:\/\/www.ecoconscience.tv\/10953-2\/","title":{"rendered":"Que signifie un d\u00e9veloppement communautaire ? La r\u00e9ponse avec notre invit\u00e9"},"content":{"rendered":"\n<p><a href=\"https:\/\/www.youtube.com\/hashtag\/ecoconsciencetv\">#EcoConscienceTV<\/a><\/p>\n\n\n\n<h1><\/h1>\n\n\n\n<p>Vous l\u2019avez bien connu sur notre cha\u00eene. Il est encore l\u00e0 \u00e0 notre c\u00f4t\u00e9 pour partager des initiatives soutenues dans nos communaut\u00e9s. ECO CONSCIENCE TV vous offre le nouveau num\u00e9ro de l\u2019\u00e9mission \u00c9COLOGIE ET CONSCIENCE.Dans ce num\u00e9ro nous parlons du d\u00e9veloppement communautaire. Que signifie un d\u00e9veloppement communautaire ? <\/p>\n\n\n\n<p>La r\u00e9ponse avec notre invit\u00e9, M.Guillaume Quelin expert en d\u00e9veloppement durable.Une \u00e9mission r\u00e9alis\u00e9e dans l\u2019Espace VIVA, un espace \u00e9colo qui fait la valorisation des d\u00e9chets recycl\u00e9s \u00e0 Lome. <\/p>\n\n\n\n<p>Bienvenus ! <\/p>\n\n\n\n<p>Copyright : 12\/10\/2018<\/p>\n","protected":false},"excerpt":{"rendered":"<p>#EcoConscienceTV Vous l\u2019avez bien connu sur notre cha\u00eene. Il est encore l\u00e0 \u00e0 notre c\u00f4t\u00e9 pour partager des initiatives soutenues dans nos communaut\u00e9s. ECO CONSCIENCE TV vous offre le nouveau num\u00e9ro de l\u2019\u00e9mission \u00c9COLOGIE ET CONSCIENCE.Dans ce num\u00e9ro nous parlons du d\u00e9veloppement communautaire. Que signifie un d\u00e9veloppement communautaire ? La r\u00e9ponse avec notre invit\u00e9, M.Guillaume [&hellip;]<\/p>\n","protected":false},"author":2,"featured_media":10954,"comment_status":"open","ping_status":"open","sticky":false,"template":"","format":"standard","meta":{"ec_post_video":"https:\/\/www.youtube.com\/watch?v=voPfDskv33U"},"categories":[372,2085,1190],"tags":[],"odd":[],"_links":{"self":[{"href":"https:\/\/www.ecoconscience.tv\/api\/wp\/v2\/posts\/10953"}],"collection":[{"href":"https:\/\/www.ecoconscience.tv\/api\/wp\/v2\/posts"}],"about":[{"href":"https:\/\/www.ecoconscience.tv\/api\/wp\/v2\/types\/post"}],"author":[{"embeddable":true,"href":"https:\/\/www.ecoconscience.tv\/api\/wp\/v2\/users\/2"}],"replies":[{"embeddable":true,"href":"https:\/\/www.ecoconscience.tv\/api\/wp\/v2\/comments?post=10953"}],"version-history":[{"count":4,"href":"https:\/\/www.ecoconscience.tv\/api\/wp\/v2\/posts\/10953\/revisions"}],"predecessor-version":[{"id":10958,"href":"https:\/\/www.ecoconscience.tv\/api\/wp\/v2\/posts\/10953\/revisions\/10958"}],"wp:featuredmedia":[{"embeddable":true,"href":"https:\/\/www.ecoconscience.tv\/api\/wp\/v2\/media\/10954"}],"wp:attachment":[{"href":"https:\/\/www.ecoconscience.tv\/api\/wp\/v2\/media?parent=10953"}],"wp:term":[{"taxonomy":"category","embeddable":true,"href":"https:\/\/www.ecoconscience.tv\/api\/wp\/v2\/categories?post=10953"},{"taxonomy":"post_tag","embeddable":true,"href":"https:\/\/www.ecoconscience.tv\/api\/wp\/v2\/tags?post=10953"},{"taxonomy":"odd","embeddable":true,"href":"https:\/\/www.ecoconscience.tv\/api\/wp\/v2\/odd?post=10953"}],"curies":[{"name":"wp","href":"https:\/\/api.w.org\/{rel}","templated":true}]}}