{"id":10800,"date":"2022-10-24T18:00:00","date_gmt":"2022-10-24T18:00:00","guid":{"rendered":"https:\/\/www.ecoconscience.tv\/?p=10800"},"modified":"2022-10-25T06:24:09","modified_gmt":"2022-10-25T06:24:09","slug":"actions-de-lue-au-togo-et-green-deal-s-e-joaquin-tasso-vilallonga-cest-urgent-on-doit-agir-tous-ensemble-on-doit-agir-toute-de-suite","status":"publish","type":"post","link":"https:\/\/www.ecoconscience.tv\/actions-de-lue-au-togo-et-green-deal-s-e-joaquin-tasso-vilallonga-cest-urgent-on-doit-agir-tous-ensemble-on-doit-agir-toute-de-suite\/","title":{"rendered":"Actions de l&rsquo;UE au Togo et Green Deal : S.E  Joaquin Tasso Vilallonga : \u00ab\u00a0C&rsquo;est urgent, on doit agir tous ensemble, on doit agir toute de suite !\u00a0\u00bb"},"content":{"rendered":"\n<p>Dans ce nouveau num\u00e9ro sp\u00e9cial de l\u2019\u00e9mission \u00c9COLOGIE ET CONSCIENCE, nous sommes avec son <a href=\"https:\/\/www.eeas.europa.eu\/togo\/propos-de-lambassadeur_fr?s=125\">Excellence M. Joaquin Tasso Vilallonga<\/a>, ambassadeur de l&rsquo;<a href=\"https:\/\/www.eeas.europa.eu\/delegations\/togo_fr?s=125\">Union europ\u00e9enne au Togo<\/a>. Il partage avec nous les grands axes des actions de l&rsquo;Union europ\u00e9enne au Togo, notamment l&rsquo;appui au processus de la d\u00e9centralisation en cours au Togo et son agenda vert <a href=\"https:\/\/ec.europa.eu\/info\/strategy\/priorities-2019-2024\/european-green-deal_en\">GREEN DEAL<\/a>. <\/p>\n\n\n\n<p>Face aux enjeux et d\u00e9fis environnementaux, notre invit\u00e9 nous appelle \u00e0 l&rsquo;action. \u00ab\u00a0<em>Pour la protection de l&rsquo;environnement et la protection de la biodiversit\u00e9, il faut agir de fa\u00e7on urgente. Cela ne doit plus \u00eatre consid\u00e9r\u00e9 comme une priorit\u00e9 secondaire. C&rsquo;est urgent, on doit agir tous ensemble, on doit agir toute de suite !<\/em>\u00ab\u00a0, d\u00e9clare son Excellence M. Joaquin Tasso Vilallonga, ambassadeur de l&rsquo;Union europ\u00e9enne \ud83c\uddea\ud83c\uddfa au Togo. <\/p>\n\n\n\n<p>D\u00e9couvrons l&rsquo;int\u00e9gralit\u00e9 de son entretien&#8230;<\/p>\n\n\n\n<p> Pr\u00e9sentation : <a href=\"https:\/\/www.facebook.com\/DjatougbeAkouviAziaka\/\">Rolande de la Flore<\/a>. <\/p>\n\n\n\n<p>Production : <strong>ECO CONSCIENCE TV<\/strong>.<\/p>\n","protected":false},"excerpt":{"rendered":"<p>Dans ce nouveau num\u00e9ro sp\u00e9cial de l\u2019\u00e9mission \u00c9COLOGIE ET CONSCIENCE, nous sommes avec son Excellence M. Joaquin Tasso Vilallonga, ambassadeur de l&rsquo;Union europ\u00e9enne au Togo. Il partage avec nous les grands axes des actions de l&rsquo;Union europ\u00e9enne au Togo, notamment l&rsquo;appui au processus de la d\u00e9centralisation en cours au Togo et son agenda vert GREEN [&hellip;]<\/p>\n","protected":false},"author":2,"featured_media":10801,"comment_status":"open","ping_status":"open","sticky":false,"template":"","format":"standard","meta":{"ec_post_video":"https:\/\/www.dailymotion.com\/video\/x8ev5ux"},"categories":[2085,1190],"tags":[2089,2088,1136,2091,2087,2090,106],"odd":[649,607,615,657],"_links":{"self":[{"href":"https:\/\/www.ecoconscience.tv\/api\/wp\/v2\/posts\/10800"}],"collection":[{"href":"https:\/\/www.ecoconscience.tv\/api\/wp\/v2\/posts"}],"about":[{"href":"https:\/\/www.ecoconscience.tv\/api\/wp\/v2\/types\/post"}],"author":[{"embeddable":true,"href":"https:\/\/www.ecoconscience.tv\/api\/wp\/v2\/users\/2"}],"replies":[{"embeddable":true,"href":"https:\/\/www.ecoconscience.tv\/api\/wp\/v2\/comments?post=10800"}],"version-history":[{"count":8,"href":"https:\/\/www.ecoconscience.tv\/api\/wp\/v2\/posts\/10800\/revisions"}],"predecessor-version":[{"id":10818,"href":"https:\/\/www.ecoconscience.tv\/api\/wp\/v2\/posts\/10800\/revisions\/10818"}],"wp:featuredmedia":[{"embeddable":true,"href":"https:\/\/www.ecoconscience.tv\/api\/wp\/v2\/media\/10801"}],"wp:attachment":[{"href":"https:\/\/www.ecoconscience.tv\/api\/wp\/v2\/media?parent=10800"}],"wp:term":[{"taxonomy":"category","embeddable":true,"href":"https:\/\/www.ecoconscience.tv\/api\/wp\/v2\/categories?post=10800"},{"taxonomy":"post_tag","embeddable":true,"href":"https:\/\/www.ecoconscience.tv\/api\/wp\/v2\/tags?post=10800"},{"taxonomy":"odd","embeddable":true,"href":"https:\/\/www.ecoconscience.tv\/api\/wp\/v2\/odd?post=10800"}],"curies":[{"name":"wp","href":"https:\/\/api.w.org\/{rel}","templated":true}]}}