{"id":1042,"date":"2016-11-30T12:39:17","date_gmt":"2016-11-30T12:39:17","guid":{"rendered":"https:\/\/www.ecoconscience.tv\/?p=1042"},"modified":"2016-11-30T20:44:21","modified_gmt":"2016-11-30T20:44:21","slug":"programme-yali-une-almuni-de-crl-yali-dakar-rend-hommage-a-barack-obama","status":"publish","type":"post","link":"https:\/\/www.ecoconscience.tv\/programme-yali-une-almuni-de-crl-yali-dakar-rend-hommage-a-barack-obama\/","title":{"rendered":"Programme YALI : Une alumni de CRL YALI Dakar rend hommage \u00e0 Barack Obama"},"content":{"rendered":"<p style=\"text-align: justify;\"><span style=\"color: #808080;\"><strong><span style=\"color: #008000;\">\u00ab\u00a0YALI, the Light for African Youth\u00a0\u00bb<\/span><\/strong> c&rsquo;est le titre de ce mini documentaire r\u00e9alis\u00e9 par l&rsquo;une des Alumni de la formation Session 2 du Centre R\u00e9gional de Leadership YALI Dakar (CRL YALI DAKAR) pour t\u00e9moigner de ses exp\u00e9riences et rendre hommage au Pr\u00e9sident Barack Obama, l&rsquo;initiateur de ce grand programme de formation de jeunes africains leaders.<\/span><br \/>\n<span style=\"color: #808080;\">Jeune femme togolaise, b\u00e9n\u00e9ficiaire de cette bourse, l&rsquo;alumni raconte dans ce documentaire, son parcours avec YALI et met l&rsquo;accent sur l&rsquo;importance de ce programme pour les jeunes filles, femmes africaines, pour qui les avantages de la formation sont \u00e9normes.<\/span><\/p>\n<p style=\"text-align: justify;\">Tenue du 19 septembre \u00a0au 23 octobre 2016 au Centre Africain d\u2019Etudes Sup\u00e9rieures en Gestion (CESAG) S\u00e9n\u00e9gal, la deuxi\u00e8me session du Programme du Centre R\u00e9gional de Leadership\u00a0<span style=\"color: #00ccff;\"><a style=\"color: #00ccff;\" href=\"http:\/\/www.yaliafriquedelouest.org\/\" target=\"_blank\">YALI Dakar<\/a><\/span> (Young African Leaders Initiative) a regroup\u00e9 100 jeunes venus de 16 pays d\u2019Afrique (pays (B\u00e9nin, Burkina Faso, Cameroun, Cap-Vert, C\u00f4te d\u2019Ivoire, Gabon, Guin\u00e9e-Bissau, Guin\u00e9e Equatoriale, Mali, Mauritanie, Niger, R\u00e9publique de Guin\u00e9e, Sao Tom\u00e9 et Principe, S\u00e9n\u00e9gal, Tchad, et Togo). Ils suivent une formation de 5 semaines dans 3 fili\u00e8res : \u00ab Business and Entrepreneurship \u00bb, \u00ab Civic Leadership \u00bb et \u00ab Public Management \u00bb avec \u00e0 la cl\u00e9 chacun des projets personnels. Le Togo a \u00e9t\u00e9 fortement repr\u00e9sent\u00e9 par 16 jeunes tr\u00e8s engag\u00e9s.<\/p>\n<p style=\"text-align: justify;\">Le <span style=\"color: #00ccff;\"><a style=\"color: #00ccff;\" href=\"http:\/\/www.yali.state.gov\/\" target=\"__blank\"><b>Young African Leaders Initiative<\/b><\/a> <\/span>(YALI) est une initiative du Pr\u00e9sident Obama lanc\u00e9e en\u00a02010. L\u2019objectif est de soutenir les jeunes leaders africains dans leurs efforts pour stimuler la croissance et la prosp\u00e9rit\u00e9, renforcer la gouvernance d\u00e9mocratique et am\u00e9liorer la paix et la s\u00e9curit\u00e9 dans le continent africain. Au d\u00e9part, elle a consist\u00e9 en une s\u00e9rie de forums de haut niveau, dont le Forum du pr\u00e9sident Obama avec les jeunes leaders africains d\u2019ao\u00fbt 2010, le Forum des jeunes Africaines pionni\u00e8res de juin 2011, et le Sommet sur l\u2019Innovation et le partenariat pour le mentorat des jeunes leaders africains de juin 2012, en plus des quelque deux mille (2000) activit\u00e9s pour la jeunesse qui ont eu lieu dans les Ambassades am\u00e9ricaines implant\u00e9es \u00e0 travers le continent africain. Fort du succ\u00e8s de ces \u00e9v\u00e9nements, le pr\u00e9sident Obama a \u00e9largi YALI inclure trois programmes principaux : le <span style=\"color: #00ccff;\"><a style=\"color: #00ccff;\" href=\"https:\/\/youngafricanleaders.state.gov\/washington-fellowship\/\" target=\"_blank\">Mandela Washington Fellowship<\/a><\/span>, Le <span style=\"color: #00ccff;\"><a style=\"color: #00ccff;\" href=\"https:\/\/youngafricanleaders.state.gov\/yali-network\/\" target=\"_blank\">YALI Network<\/a><\/span>,et les Centres R\u00e9gionaux de Leadership YALI, dont CRL YALI Dakar.<\/p>\n<p style=\"text-align: justify;\"><img class=\"alignnone size-full wp-image-1219\" src=\"https:\/\/raziaka.files.wordpress.com\/2016\/09\/capture.jpg?w=480\" sizes=\"(max-width: 314px) 100vw, 314px\" srcset=\"https:\/\/raziaka.files.wordpress.com\/2016\/09\/capture.jpg 314w, https:\/\/raziaka.files.wordpress.com\/2016\/09\/capture.jpg?w=150 150w, https:\/\/raziaka.files.wordpress.com\/2016\/09\/capture.jpg?w=300 300w\" alt=\"capture\" \/><\/p>\n<p style=\"text-align: justify;\">Gr\u00e2ce au soutien de l\u2019USAID et de la Fondation MasterCard, au Centre Africain d\u2019Etudes Sup\u00e9rieures en Gestion (CESAG) et ses partenaires principaux (le Synapse Center et le West African Research Center), le Centre r\u00e9gional de leadership (CRL) propose aux futurs leaders de 16 pays africains des comp\u00e9tences, des outils, des opportunit\u00e9s leur permettant de r\u00e9aliser leur r\u00eave, et ainsi fa\u00e7onner l\u2019avenir du continent. D\u2019une dur\u00e9e de quatre ann\u00e9es \u00e0 p\u00e9renniser, le Centre forme des jeunes et formera plus de 8000 jeunes en pr\u00e9sentiel et \u00e0 distance. Actuellement il \u00e0 sa troisi\u00e8me session cette ann\u00e9e 2016. D\u00e9j\u00e0 appel pour la quatri\u00e8me session est lanc\u00e9 et se tiendra en Janvier 2017.<\/p>\n<p style=\"text-align: justify;\"><span style=\"color: #008000;\"><strong><a style=\"color: #008000;\" href=\"https:\/\/www.ecoconscience.tv\/\">ECO CONSCIENCE TV<\/a><\/strong> <\/span>vous offre en exclusuvit\u00e9 ce documentaire \u00e9mouvant de l&rsquo;Alumni.<\/p>\n","protected":false},"excerpt":{"rendered":"<p>\u00ab\u00a0YALI, the Light for African Youth\u00a0\u00bb c&rsquo;est le titre de ce mini documentaire r\u00e9alis\u00e9 par l&rsquo;une des Alumni de la formation Session 2 du Centre R\u00e9gional de Leadership YALI Dakar (CRL YALI DAKAR) pour t\u00e9moigner de ses exp\u00e9riences et rendre hommage au Pr\u00e9sident Barack Obama, l&rsquo;initiateur de ce grand programme de formation de jeunes africains [&hellip;]<\/p>\n","protected":false},"author":2,"featured_media":1045,"comment_status":"open","ping_status":"open","sticky":false,"template":"","format":"video","meta":{"ec_post_video":""},"categories":[372],"tags":[315,378,376,340,109,321,373,374,377,375],"odd":[],"_links":{"self":[{"href":"https:\/\/www.ecoconscience.tv\/api\/wp\/v2\/posts\/1042"}],"collection":[{"href":"https:\/\/www.ecoconscience.tv\/api\/wp\/v2\/posts"}],"about":[{"href":"https:\/\/www.ecoconscience.tv\/api\/wp\/v2\/types\/post"}],"author":[{"embeddable":true,"href":"https:\/\/www.ecoconscience.tv\/api\/wp\/v2\/users\/2"}],"replies":[{"embeddable":true,"href":"https:\/\/www.ecoconscience.tv\/api\/wp\/v2\/comments?post=1042"}],"version-history":[{"count":5,"href":"https:\/\/www.ecoconscience.tv\/api\/wp\/v2\/posts\/1042\/revisions"}],"predecessor-version":[{"id":1049,"href":"https:\/\/www.ecoconscience.tv\/api\/wp\/v2\/posts\/1042\/revisions\/1049"}],"wp:featuredmedia":[{"embeddable":true,"href":"https:\/\/www.ecoconscience.tv\/api\/wp\/v2\/media\/1045"}],"wp:attachment":[{"href":"https:\/\/www.ecoconscience.tv\/api\/wp\/v2\/media?parent=1042"}],"wp:term":[{"taxonomy":"category","embeddable":true,"href":"https:\/\/www.ecoconscience.tv\/api\/wp\/v2\/categories?post=1042"},{"taxonomy":"post_tag","embeddable":true,"href":"https:\/\/www.ecoconscience.tv\/api\/wp\/v2\/tags?post=1042"},{"taxonomy":"odd","embeddable":true,"href":"https:\/\/www.ecoconscience.tv\/api\/wp\/v2\/odd?post=1042"}],"curies":[{"name":"wp","href":"https:\/\/api.w.org\/{rel}","templated":true}]}}